{"id":13657,"date":"2026-03-13T16:50:01","date_gmt":"2026-03-13T20:50:01","guid":{"rendered":"https:\/\/minaguas.gob.ve\/?p=13657"},"modified":"2026-03-13T17:23:27","modified_gmt":"2026-03-13T21:23:27","slug":"minaguas-mejora-red-de-distribucion-del-recurso-hidrico-en-el-estado-bolivar","status":"publish","type":"post","link":"https:\/\/minaguas.gob.ve\/?p=13657","title":{"rendered":"MinAguas mejora red de distribuci\u00f3n del recurso h\u00eddrico en el estado Bol\u00edvar"},"content":{"rendered":"\n<p><em>Con estas labores atendieron directamente a m\u00e1s de 500 familias de los sectores Luis Hurtado Higuera, Los Alacranes y Francisco de Miranda<\/em><\/p>\n\n\n\n<p><strong>(Prensa Ministerio de las Aguas &#8211; 13\/03\/2026).-<\/strong> Cumpliendo los lineamientos del presidente Nicol\u00e1s Maduro y orientados por la presidenta encargada, Delcy Rodr\u00edguez, trabajadores del Ministerio del Poder Popular de las Aguas (MinAguas), en el estado Bol\u00edvar, atendiendo una incidencia en tuber\u00eda PEAD de 4 pulgadas en la avenida Gumilla de San F\u00e9lix, parroquia Chirica, municipio Caron\u00ed.<\/p>\n\n\n\n<p>Con estas labores atendieron directamente a m\u00e1s de 500 familias de los sectores Luis Hurtado Higuera, Los Alacranes, Francisco de Miranda y m\u00e1s de 70 locales comerciales en la zona industrial de Chirica y la redoma El Dorado.<\/p>\n\n\n\n<p>La habitante del sector Francisco de Miranda, Luis Salazar Perdomo, con m\u00e1s de 40 a\u00f1os en la comunidad, argument\u00f3 que \u201cel trabajo fue realizado de manera r\u00e1pida y una vez terminado fue evidente el incremento en el caudal de agua que lleg\u00f3 a nuestras casas\u201d, recalc\u00f3.<\/p>\n\n\n\n<p>Asimismo, un comerciante de la zona, asegur\u00f3 que fue una respuesta r\u00e1pida, \u201cdieron soluci\u00f3n r\u00e1pidamente y es importante garantizar la administraci\u00f3n \u00f3ptima del recurso y su distribuci\u00f3n\u201d, detall\u00f3.<\/p>\n\n\n\n<p>Con estas labores, el equipo de MinAguas contribuye a las mejoras de los servicios p\u00fablicos, trabajando de la mano con el poder popular organizado para elevar la calidad de vida de los habitantes en los 11 municipios de la entidad.<\/p>\n\n\n\n<figure class=\"wp-block-gallery has-nested-images columns-default is-cropped wp-block-gallery-1 is-layout-flex wp-block-gallery-is-layout-flex\">\n<figure class=\"wp-block-image size-large\"><img loading=\"lazy\" decoding=\"async\" width=\"1024\" height=\"768\" data-id=\"13660\" src=\"https:\/\/minaguas.gob.ve\/wp-content\/uploads\/2026\/03\/WhatsApp-Image-2026-03-12-at-8.04.10-PM-1-1024x768.jpeg\" alt=\"\" class=\"wp-image-13660\" srcset=\"https:\/\/minaguas.gob.ve\/wp-content\/uploads\/2026\/03\/WhatsApp-Image-2026-03-12-at-8.04.10-PM-1-1024x768.jpeg 1024w, https:\/\/minaguas.gob.ve\/wp-content\/uploads\/2026\/03\/WhatsApp-Image-2026-03-12-at-8.04.10-PM-1-300x225.jpeg 300w, https:\/\/minaguas.gob.ve\/wp-content\/uploads\/2026\/03\/WhatsApp-Image-2026-03-12-at-8.04.10-PM-1-768x576.jpeg 768w, https:\/\/minaguas.gob.ve\/wp-content\/uploads\/2026\/03\/WhatsApp-Image-2026-03-12-at-8.04.10-PM-1.jpeg 1080w\" sizes=\"auto, (max-width: 1024px) 100vw, 1024px\" \/><\/figure>\n\n\n\n<figure class=\"wp-block-image size-large\"><img loading=\"lazy\" decoding=\"async\" width=\"1024\" height=\"768\" data-id=\"13659\" src=\"https:\/\/minaguas.gob.ve\/wp-content\/uploads\/2026\/03\/WhatsApp-Image-2026-03-12-at-8.04.09-PM-1024x768.jpeg\" alt=\"\" class=\"wp-image-13659\" srcset=\"https:\/\/minaguas.gob.ve\/wp-content\/uploads\/2026\/03\/WhatsApp-Image-2026-03-12-at-8.04.09-PM-1024x768.jpeg 1024w, https:\/\/minaguas.gob.ve\/wp-content\/uploads\/2026\/03\/WhatsApp-Image-2026-03-12-at-8.04.09-PM-300x225.jpeg 300w, https:\/\/minaguas.gob.ve\/wp-content\/uploads\/2026\/03\/WhatsApp-Image-2026-03-12-at-8.04.09-PM-768x576.jpeg 768w, https:\/\/minaguas.gob.ve\/wp-content\/uploads\/2026\/03\/WhatsApp-Image-2026-03-12-at-8.04.09-PM.jpeg 1280w\" sizes=\"auto, (max-width: 1024px) 100vw, 1024px\" \/><\/figure>\n\n\n\n<figure class=\"wp-block-image size-large\"><img loading=\"lazy\" decoding=\"async\" width=\"1024\" height=\"768\" data-id=\"13661\" src=\"https:\/\/minaguas.gob.ve\/wp-content\/uploads\/2026\/03\/WhatsApp-Image-2026-03-12-at-8.04.07-PM-1024x768.jpeg\" alt=\"\" class=\"wp-image-13661\" srcset=\"https:\/\/minaguas.gob.ve\/wp-content\/uploads\/2026\/03\/WhatsApp-Image-2026-03-12-at-8.04.07-PM-1024x768.jpeg 1024w, https:\/\/minaguas.gob.ve\/wp-content\/uploads\/2026\/03\/WhatsApp-Image-2026-03-12-at-8.04.07-PM-300x225.jpeg 300w, https:\/\/minaguas.gob.ve\/wp-content\/uploads\/2026\/03\/WhatsApp-Image-2026-03-12-at-8.04.07-PM-768x576.jpeg 768w, https:\/\/minaguas.gob.ve\/wp-content\/uploads\/2026\/03\/WhatsApp-Image-2026-03-12-at-8.04.07-PM.jpeg 1080w\" sizes=\"auto, (max-width: 1024px) 100vw, 1024px\" \/><\/figure>\n<\/figure>\n","protected":false},"excerpt":{"rendered":"<p>Con estas labores atendieron directamente a m\u00e1s de 500 familias de los sectores Luis Hurtado Higuera, Los Alacranes y Francisco de Miranda (Prensa Ministerio de las Aguas &#8211; 13\/03\/2026).- Cumpliendo los lineamientos del presidente Nicol\u00e1s Maduro y orientados por la presidenta encargada, Delcy Rodr\u00edguez, trabajadores del Ministerio del Poder Popular de las Aguas (MinAguas), en [&hellip;]<\/p>\n","protected":false},"author":27,"featured_media":13658,"comment_status":"closed","ping_status":"open","sticky":false,"template":"","format":"standard","meta":{"footnotes":""},"categories":[1],"tags":[42,246,24,45],"class_list":["post-13657","post","type-post","status-publish","format-standard","has-post-thumbnail","hentry","category-noticias","tag-agua-potable","tag-bolivar","tag-pueblo-trabajador-del-agua","tag-regionales"],"_links":{"self":[{"href":"https:\/\/minaguas.gob.ve\/index.php?rest_route=\/wp\/v2\/posts\/13657","targetHints":{"allow":["GET"]}}],"collection":[{"href":"https:\/\/minaguas.gob.ve\/index.php?rest_route=\/wp\/v2\/posts"}],"about":[{"href":"https:\/\/minaguas.gob.ve\/index.php?rest_route=\/wp\/v2\/types\/post"}],"author":[{"embeddable":true,"href":"https:\/\/minaguas.gob.ve\/index.php?rest_route=\/wp\/v2\/users\/27"}],"replies":[{"embeddable":true,"href":"https:\/\/minaguas.gob.ve\/index.php?rest_route=%2Fwp%2Fv2%2Fcomments&post=13657"}],"version-history":[{"count":2,"href":"https:\/\/minaguas.gob.ve\/index.php?rest_route=\/wp\/v2\/posts\/13657\/revisions"}],"predecessor-version":[{"id":13663,"href":"https:\/\/minaguas.gob.ve\/index.php?rest_route=\/wp\/v2\/posts\/13657\/revisions\/13663"}],"wp:featuredmedia":[{"embeddable":true,"href":"https:\/\/minaguas.gob.ve\/index.php?rest_route=\/wp\/v2\/media\/13658"}],"wp:attachment":[{"href":"https:\/\/minaguas.gob.ve\/index.php?rest_route=%2Fwp%2Fv2%2Fmedia&parent=13657"}],"wp:term":[{"taxonomy":"category","embeddable":true,"href":"https:\/\/minaguas.gob.ve\/index.php?rest_route=%2Fwp%2Fv2%2Fcategories&post=13657"},{"taxonomy":"post_tag","embeddable":true,"href":"https:\/\/minaguas.gob.ve\/index.php?rest_route=%2Fwp%2Fv2%2Ftags&post=13657"}],"curies":[{"name":"wp","href":"https:\/\/api.w.org\/{rel}","templated":true}]}}