{"id":13596,"date":"2026-03-09T16:13:00","date_gmt":"2026-03-09T20:13:00","guid":{"rendered":"https:\/\/minaguas.gob.ve\/?p=13596"},"modified":"2026-03-10T14:43:09","modified_gmt":"2026-03-10T18:43:09","slug":"gobierno-bolivariano-sustituye-50-metros-de-colector-de-concreto-en-apure","status":"publish","type":"post","link":"https:\/\/minaguas.gob.ve\/?p=13596","title":{"rendered":"Gobierno Bolivariano sustituye 50 metros de colector de concreto en Apure"},"content":{"rendered":"\n<p><em>Los trabajos permiten mejorar el sistema de saneamiento del sector Terr\u00f3n Duro, como una respuesta directa para m\u00e1s de 40 familias<\/em><\/p>\n\n\n\n<p><strong>(Prensa Ministerio de las Aguas &#8211; 09-03-2026).-<\/strong><em> <\/em>A trav\u00e9s del 1&#215;10 del Buen Gobierno, el equipo multidisciplinario del agua de la regi\u00f3n llanera culmin\u00f3 con \u00e9xito la sustituci\u00f3n de 50 metros de colector de concreto de 8 pulgadas de di\u00e1metro en la Urbanizaci\u00f3n Terr\u00f3n Duro del municipio San Fernando, acciones enmarcadas dentro del Plan de las 7 Transformaciones Sociales instruido por el Presidente Nicol\u00e1s Maduro y la Presidenta encargada, Delcy Rodr\u00edguez.<\/p>\n\n\n\n<p>El equipo de labores estuvo conformado por m\u00e1s de 15 trabajadores, entre; ingenieros, t\u00e9cnicos, operativos, cuadrillas con el apoyo de maquinaria pesada tipo retroexcavadora, realizando intervenciones que permiten garantizar la durabilidad de dichas infraestructuras.<\/p>\n\n\n\n<p>Al respecto, la vocera comunal, Mery Alferez, expres\u00f3 su gratitud por ver finalizado los trabajos de sustituci\u00f3n de tuber\u00edas, \u201cestamos agradecidos principalmente con Dios por la materializaci\u00f3n de estos trabajos y con todo el equipo de MinAguas por comprometerse con estas mejoras para la comunidad de Terr\u00f3n Duro\u201d.<\/p>\n\n\n\n<p>De igual forma, la jefa de UBCH del sector, Marihel Escalona, explic\u00f3 que, como comunidad realizaron el reporte a la herramienta del 1&#215;10 del Buen Gobierno impulsada por el Presidente Nicol\u00e1s Maduro, \u201cel trabajo llevado a cabo fue excelente y gratificante, ya que es necesario mejorar la calidad de vida de los habitantes en las comunidades\u201d.<\/p>\n\n\n\n<p>Estas acciones forman parte de las pol\u00edticas p\u00fablicas que impulsa el Gobierno Bolivariano, que tienen el prop\u00f3sito de garantizar un entorno \u00f3ptimo y saludable para la poblaci\u00f3n sanfernandina.<\/p>\n\n\n\n<figure class=\"wp-block-gallery has-nested-images columns-default is-cropped wp-block-gallery-1 is-layout-flex wp-block-gallery-is-layout-flex\">\n<figure class=\"wp-block-image size-large\"><img loading=\"lazy\" decoding=\"async\" width=\"1024\" height=\"768\" data-id=\"13602\" src=\"https:\/\/minaguas.gob.ve\/wp-content\/uploads\/2026\/03\/WhatsApp-Image-2026-03-09-at-4.02.17-PM-1024x768.jpeg\" alt=\"\" class=\"wp-image-13602\" srcset=\"https:\/\/minaguas.gob.ve\/wp-content\/uploads\/2026\/03\/WhatsApp-Image-2026-03-09-at-4.02.17-PM-1024x768.jpeg 1024w, https:\/\/minaguas.gob.ve\/wp-content\/uploads\/2026\/03\/WhatsApp-Image-2026-03-09-at-4.02.17-PM-300x225.jpeg 300w, https:\/\/minaguas.gob.ve\/wp-content\/uploads\/2026\/03\/WhatsApp-Image-2026-03-09-at-4.02.17-PM-768x576.jpeg 768w, https:\/\/minaguas.gob.ve\/wp-content\/uploads\/2026\/03\/WhatsApp-Image-2026-03-09-at-4.02.17-PM.jpeg 1280w\" sizes=\"auto, (max-width: 1024px) 100vw, 1024px\" \/><\/figure>\n\n\n\n<figure class=\"wp-block-image size-large\"><img loading=\"lazy\" decoding=\"async\" width=\"1024\" height=\"768\" data-id=\"13598\" src=\"https:\/\/minaguas.gob.ve\/wp-content\/uploads\/2026\/03\/WhatsApp-Image-2026-03-09-at-4.02.16-PM-2-1024x768.jpeg\" alt=\"\" class=\"wp-image-13598\" srcset=\"https:\/\/minaguas.gob.ve\/wp-content\/uploads\/2026\/03\/WhatsApp-Image-2026-03-09-at-4.02.16-PM-2-1024x768.jpeg 1024w, https:\/\/minaguas.gob.ve\/wp-content\/uploads\/2026\/03\/WhatsApp-Image-2026-03-09-at-4.02.16-PM-2-300x225.jpeg 300w, https:\/\/minaguas.gob.ve\/wp-content\/uploads\/2026\/03\/WhatsApp-Image-2026-03-09-at-4.02.16-PM-2-768x576.jpeg 768w, https:\/\/minaguas.gob.ve\/wp-content\/uploads\/2026\/03\/WhatsApp-Image-2026-03-09-at-4.02.16-PM-2.jpeg 1080w\" sizes=\"auto, (max-width: 1024px) 100vw, 1024px\" \/><\/figure>\n\n\n\n<figure class=\"wp-block-image size-large\"><img loading=\"lazy\" decoding=\"async\" width=\"1024\" height=\"768\" data-id=\"13600\" src=\"https:\/\/minaguas.gob.ve\/wp-content\/uploads\/2026\/03\/WhatsApp-Image-2026-03-09-at-4.02.16-PM-1-1-1024x768.jpeg\" alt=\"\" class=\"wp-image-13600\" srcset=\"https:\/\/minaguas.gob.ve\/wp-content\/uploads\/2026\/03\/WhatsApp-Image-2026-03-09-at-4.02.16-PM-1-1-1024x768.jpeg 1024w, https:\/\/minaguas.gob.ve\/wp-content\/uploads\/2026\/03\/WhatsApp-Image-2026-03-09-at-4.02.16-PM-1-1-300x225.jpeg 300w, https:\/\/minaguas.gob.ve\/wp-content\/uploads\/2026\/03\/WhatsApp-Image-2026-03-09-at-4.02.16-PM-1-1-768x576.jpeg 768w, https:\/\/minaguas.gob.ve\/wp-content\/uploads\/2026\/03\/WhatsApp-Image-2026-03-09-at-4.02.16-PM-1-1.jpeg 1280w\" sizes=\"auto, (max-width: 1024px) 100vw, 1024px\" \/><\/figure>\n\n\n\n<figure class=\"wp-block-image size-large\"><img loading=\"lazy\" decoding=\"async\" width=\"1024\" height=\"768\" data-id=\"13599\" src=\"https:\/\/minaguas.gob.ve\/wp-content\/uploads\/2026\/03\/WhatsApp-Image-2026-03-09-at-4.02.15-PM-1-1024x768.jpeg\" alt=\"\" class=\"wp-image-13599\" srcset=\"https:\/\/minaguas.gob.ve\/wp-content\/uploads\/2026\/03\/WhatsApp-Image-2026-03-09-at-4.02.15-PM-1-1024x768.jpeg 1024w, https:\/\/minaguas.gob.ve\/wp-content\/uploads\/2026\/03\/WhatsApp-Image-2026-03-09-at-4.02.15-PM-1-300x225.jpeg 300w, https:\/\/minaguas.gob.ve\/wp-content\/uploads\/2026\/03\/WhatsApp-Image-2026-03-09-at-4.02.15-PM-1-768x576.jpeg 768w, https:\/\/minaguas.gob.ve\/wp-content\/uploads\/2026\/03\/WhatsApp-Image-2026-03-09-at-4.02.15-PM-1.jpeg 1280w\" sizes=\"auto, (max-width: 1024px) 100vw, 1024px\" \/><\/figure>\n\n\n\n<figure class=\"wp-block-image size-large\"><img loading=\"lazy\" decoding=\"async\" width=\"1024\" height=\"768\" data-id=\"13601\" src=\"https:\/\/minaguas.gob.ve\/wp-content\/uploads\/2026\/03\/WhatsApp-Image-2026-03-09-at-4.02.15-PM-1024x768.jpeg\" alt=\"\" class=\"wp-image-13601\" srcset=\"https:\/\/minaguas.gob.ve\/wp-content\/uploads\/2026\/03\/WhatsApp-Image-2026-03-09-at-4.02.15-PM-1024x768.jpeg 1024w, https:\/\/minaguas.gob.ve\/wp-content\/uploads\/2026\/03\/WhatsApp-Image-2026-03-09-at-4.02.15-PM-300x225.jpeg 300w, https:\/\/minaguas.gob.ve\/wp-content\/uploads\/2026\/03\/WhatsApp-Image-2026-03-09-at-4.02.15-PM-768x576.jpeg 768w, https:\/\/minaguas.gob.ve\/wp-content\/uploads\/2026\/03\/WhatsApp-Image-2026-03-09-at-4.02.15-PM.jpeg 1280w\" sizes=\"auto, (max-width: 1024px) 100vw, 1024px\" \/><\/figure>\n<\/figure>\n","protected":false},"excerpt":{"rendered":"<p>Los trabajos permiten mejorar el sistema de saneamiento del sector Terr\u00f3n Duro, como una respuesta directa para m\u00e1s de 40 familias (Prensa Ministerio de las Aguas &#8211; 09-03-2026).- A trav\u00e9s del 1&#215;10 del Buen Gobierno, el equipo multidisciplinario del agua de la regi\u00f3n llanera culmin\u00f3 con \u00e9xito la sustituci\u00f3n de 50 metros de colector de [&hellip;]<\/p>\n","protected":false},"author":27,"featured_media":13604,"comment_status":"closed","ping_status":"open","sticky":false,"template":"","format":"standard","meta":{"footnotes":""},"categories":[1],"tags":[77,62,24,45],"class_list":["post-13596","post","type-post","status-publish","format-standard","has-post-thumbnail","hentry","category-noticias","tag-aguas-servidas","tag-apure","tag-pueblo-trabajador-del-agua","tag-regionales"],"_links":{"self":[{"href":"https:\/\/minaguas.gob.ve\/index.php?rest_route=\/wp\/v2\/posts\/13596","targetHints":{"allow":["GET"]}}],"collection":[{"href":"https:\/\/minaguas.gob.ve\/index.php?rest_route=\/wp\/v2\/posts"}],"about":[{"href":"https:\/\/minaguas.gob.ve\/index.php?rest_route=\/wp\/v2\/types\/post"}],"author":[{"embeddable":true,"href":"https:\/\/minaguas.gob.ve\/index.php?rest_route=\/wp\/v2\/users\/27"}],"replies":[{"embeddable":true,"href":"https:\/\/minaguas.gob.ve\/index.php?rest_route=%2Fwp%2Fv2%2Fcomments&post=13596"}],"version-history":[{"count":1,"href":"https:\/\/minaguas.gob.ve\/index.php?rest_route=\/wp\/v2\/posts\/13596\/revisions"}],"predecessor-version":[{"id":13603,"href":"https:\/\/minaguas.gob.ve\/index.php?rest_route=\/wp\/v2\/posts\/13596\/revisions\/13603"}],"wp:featuredmedia":[{"embeddable":true,"href":"https:\/\/minaguas.gob.ve\/index.php?rest_route=\/wp\/v2\/media\/13604"}],"wp:attachment":[{"href":"https:\/\/minaguas.gob.ve\/index.php?rest_route=%2Fwp%2Fv2%2Fmedia&parent=13596"}],"wp:term":[{"taxonomy":"category","embeddable":true,"href":"https:\/\/minaguas.gob.ve\/index.php?rest_route=%2Fwp%2Fv2%2Fcategories&post=13596"},{"taxonomy":"post_tag","embeddable":true,"href":"https:\/\/minaguas.gob.ve\/index.php?rest_route=%2Fwp%2Fv2%2Ftags&post=13596"}],"curies":[{"name":"wp","href":"https:\/\/api.w.org\/{rel}","templated":true}]}}