{"id":13576,"date":"2026-03-09T14:57:00","date_gmt":"2026-03-09T18:57:00","guid":{"rendered":"https:\/\/minaguas.gob.ve\/?p=13576"},"modified":"2026-03-10T13:52:04","modified_gmt":"2026-03-10T17:52:04","slug":"en-amazonas-minaguas-optimiza-abastecimiento-de-agua-potable-en-el-sector-el-calvario","status":"publish","type":"post","link":"https:\/\/minaguas.gob.ve\/?p=13576","title":{"rendered":"En Amazonas | MinAguas optimiza abastecimiento de agua potable en el sector El Calvario"},"content":{"rendered":"\n<p><em>A trav\u00e9s de la construcci\u00f3n de una nueva aducci\u00f3n se atiende de manera directa a familias de la comuna Hip\u00f3lito Cuevas en zonas de dif\u00edcil acceso<\/em><\/p>\n\n\n\n<p><strong>(Prensa Ministerio de las Aguas &#8211; 09-03-2026).- <\/strong>Cumpliendo las instrucciones del Presidente Nicol\u00e1s Maduro y la Presidenta encargada Delcy Rodr\u00edguez, el equipo multidisciplinario del Ministerio del Poder Popular de las Aguas (MinAguas), ejecut\u00f3 la construcci\u00f3n de una importante aducci\u00f3n en el sector El Calvario, perteneciente al barrio Cataniapo del municipio Atures. Esta obra tiene como objetivo principal mejorar el acceso al vital l\u00edquido para 30 familias que habitan en zonas de compleja geograf\u00eda.<\/p>\n\n\n\n<p>Las labores t\u00e9cnicas consisten en la interconexi\u00f3n entre la red matriz de 6 pulgadas de di\u00e1metro de la avenida principal de Cataniapo y la derivaci\u00f3n de 4 pulgadas de di\u00e1metro que suple al sector El Calvario. Para ello, la cuadrilla especializada realiz\u00f3 la instalaci\u00f3n de 100 metros de tuber\u00eda PEAD de 90 mil\u00edmetros, junto con piezas que incluyen juntas mec\u00e1nicas, codos y conectores de alta resistencia, garantizando la durabilidad de la infraestructura en este terreno vulnerable.<\/p>\n\n\n\n<p>Durante el despliegue, los habitantes del sector se mantuvieron en acompa\u00f1amiento permanente, brindando apoyo log\u00edstico y humano a los trabajadores de la cuadrilla, demostrando la articulaci\u00f3n perfecta entre el pueblo organizado y las instituciones para asegurar el \u00e9xito de las maniobras y la estabilidad de las presiones en la red local.<\/p>\n\n\n\n<p>La habitante de la comunidad, Edith Dacosta, expres\u00f3 con entusiasmo que se encuentran muy agradecidos por este trabajo que est\u00e1n realizando en la comunidad. \u201cVivir en esta zona rocosa siempre ha sido un reto para recibir el servicio, pero hoy vemos con alegr\u00eda como se materializa esta obra. Es una respuesta directa que nos garantiza el agua en nuestros hogares, mejorando significativamente nuestra calidad de vida y la de nuestros hijos. Gracias al Gobierno Bolivariano por no olvidarse de los sectores de dif\u00edcil acceso\u00bb indic\u00f3 Dacosta.<\/p>\n\n\n\n<p>Con estas acciones, MinAguas reafirma su compromiso de brindar atenci\u00f3n oportuna a las comunidades del estado Amazonas, superando los desaf\u00edos t\u00e9cnicos y territoriales para consolidar la eficiencia de los servicios p\u00fablicos en la regi\u00f3n.<\/p>\n\n\n\n<figure class=\"wp-block-gallery has-nested-images columns-default is-cropped wp-block-gallery-1 is-layout-flex wp-block-gallery-is-layout-flex\">\n<figure class=\"wp-block-image size-large\"><img loading=\"lazy\" decoding=\"async\" width=\"1024\" height=\"715\" data-id=\"13579\" src=\"https:\/\/minaguas.gob.ve\/wp-content\/uploads\/2026\/03\/WhatsApp-Image-2026-03-09-at-2.53.11-PM-1-1024x715.jpeg\" alt=\"\" class=\"wp-image-13579\" srcset=\"https:\/\/minaguas.gob.ve\/wp-content\/uploads\/2026\/03\/WhatsApp-Image-2026-03-09-at-2.53.11-PM-1-1024x715.jpeg 1024w, https:\/\/minaguas.gob.ve\/wp-content\/uploads\/2026\/03\/WhatsApp-Image-2026-03-09-at-2.53.11-PM-1-300x209.jpeg 300w, https:\/\/minaguas.gob.ve\/wp-content\/uploads\/2026\/03\/WhatsApp-Image-2026-03-09-at-2.53.11-PM-1-768x536.jpeg 768w, https:\/\/minaguas.gob.ve\/wp-content\/uploads\/2026\/03\/WhatsApp-Image-2026-03-09-at-2.53.11-PM-1.jpeg 1080w\" sizes=\"auto, (max-width: 1024px) 100vw, 1024px\" \/><\/figure>\n\n\n\n<figure class=\"wp-block-image size-large\"><img loading=\"lazy\" decoding=\"async\" width=\"1024\" height=\"711\" data-id=\"13580\" src=\"https:\/\/minaguas.gob.ve\/wp-content\/uploads\/2026\/03\/WhatsApp-Image-2026-03-09-at-2.53.11-PM-1024x711.jpeg\" alt=\"\" class=\"wp-image-13580\" srcset=\"https:\/\/minaguas.gob.ve\/wp-content\/uploads\/2026\/03\/WhatsApp-Image-2026-03-09-at-2.53.11-PM-1024x711.jpeg 1024w, https:\/\/minaguas.gob.ve\/wp-content\/uploads\/2026\/03\/WhatsApp-Image-2026-03-09-at-2.53.11-PM-300x208.jpeg 300w, https:\/\/minaguas.gob.ve\/wp-content\/uploads\/2026\/03\/WhatsApp-Image-2026-03-09-at-2.53.11-PM-768x533.jpeg 768w, https:\/\/minaguas.gob.ve\/wp-content\/uploads\/2026\/03\/WhatsApp-Image-2026-03-09-at-2.53.11-PM.jpeg 1080w\" sizes=\"auto, (max-width: 1024px) 100vw, 1024px\" \/><\/figure>\n\n\n\n<figure class=\"wp-block-image size-large\"><img loading=\"lazy\" decoding=\"async\" width=\"750\" height=\"672\" data-id=\"13581\" src=\"https:\/\/minaguas.gob.ve\/wp-content\/uploads\/2026\/03\/WhatsApp-Image-2026-03-09-at-2.53.10-PM-1.jpeg\" alt=\"\" class=\"wp-image-13581\" srcset=\"https:\/\/minaguas.gob.ve\/wp-content\/uploads\/2026\/03\/WhatsApp-Image-2026-03-09-at-2.53.10-PM-1.jpeg 750w, https:\/\/minaguas.gob.ve\/wp-content\/uploads\/2026\/03\/WhatsApp-Image-2026-03-09-at-2.53.10-PM-1-300x269.jpeg 300w\" sizes=\"auto, (max-width: 750px) 100vw, 750px\" \/><\/figure>\n<\/figure>\n\n\n\n<figure class=\"wp-block-image size-full\"><img loading=\"lazy\" decoding=\"async\" width=\"749\" height=\"931\" src=\"https:\/\/minaguas.gob.ve\/wp-content\/uploads\/2026\/03\/WhatsApp-Image-2026-03-09-at-2.53.07-PM-1.jpeg\" alt=\"\" class=\"wp-image-13592\" srcset=\"https:\/\/minaguas.gob.ve\/wp-content\/uploads\/2026\/03\/WhatsApp-Image-2026-03-09-at-2.53.07-PM-1.jpeg 749w, https:\/\/minaguas.gob.ve\/wp-content\/uploads\/2026\/03\/WhatsApp-Image-2026-03-09-at-2.53.07-PM-1-241x300.jpeg 241w\" sizes=\"auto, (max-width: 749px) 100vw, 749px\" \/><\/figure>\n","protected":false},"excerpt":{"rendered":"<p>A trav\u00e9s de la construcci\u00f3n de una nueva aducci\u00f3n se atiende de manera directa a familias de la comuna Hip\u00f3lito Cuevas en zonas de dif\u00edcil acceso (Prensa Ministerio de las Aguas &#8211; 09-03-2026).- Cumpliendo las instrucciones del Presidente Nicol\u00e1s Maduro y la Presidenta encargada Delcy Rodr\u00edguez, el equipo multidisciplinario del Ministerio del Poder Popular de [&hellip;]<\/p>\n","protected":false},"author":27,"featured_media":13594,"comment_status":"closed","ping_status":"open","sticky":false,"template":"","format":"standard","meta":{"footnotes":""},"categories":[1],"tags":[42,183,24,45],"class_list":["post-13576","post","type-post","status-publish","format-standard","has-post-thumbnail","hentry","category-noticias","tag-agua-potable","tag-amazonas","tag-pueblo-trabajador-del-agua","tag-regionales"],"_links":{"self":[{"href":"https:\/\/minaguas.gob.ve\/index.php?rest_route=\/wp\/v2\/posts\/13576","targetHints":{"allow":["GET"]}}],"collection":[{"href":"https:\/\/minaguas.gob.ve\/index.php?rest_route=\/wp\/v2\/posts"}],"about":[{"href":"https:\/\/minaguas.gob.ve\/index.php?rest_route=\/wp\/v2\/types\/post"}],"author":[{"embeddable":true,"href":"https:\/\/minaguas.gob.ve\/index.php?rest_route=\/wp\/v2\/users\/27"}],"replies":[{"embeddable":true,"href":"https:\/\/minaguas.gob.ve\/index.php?rest_route=%2Fwp%2Fv2%2Fcomments&post=13576"}],"version-history":[{"count":3,"href":"https:\/\/minaguas.gob.ve\/index.php?rest_route=\/wp\/v2\/posts\/13576\/revisions"}],"predecessor-version":[{"id":13595,"href":"https:\/\/minaguas.gob.ve\/index.php?rest_route=\/wp\/v2\/posts\/13576\/revisions\/13595"}],"wp:featuredmedia":[{"embeddable":true,"href":"https:\/\/minaguas.gob.ve\/index.php?rest_route=\/wp\/v2\/media\/13594"}],"wp:attachment":[{"href":"https:\/\/minaguas.gob.ve\/index.php?rest_route=%2Fwp%2Fv2%2Fmedia&parent=13576"}],"wp:term":[{"taxonomy":"category","embeddable":true,"href":"https:\/\/minaguas.gob.ve\/index.php?rest_route=%2Fwp%2Fv2%2Fcategories&post=13576"},{"taxonomy":"post_tag","embeddable":true,"href":"https:\/\/minaguas.gob.ve\/index.php?rest_route=%2Fwp%2Fv2%2Ftags&post=13576"}],"curies":[{"name":"wp","href":"https:\/\/api.w.org\/{rel}","templated":true}]}}