{"id":13575,"date":"2026-03-09T16:00:00","date_gmt":"2026-03-09T20:00:00","guid":{"rendered":"https:\/\/minaguas.gob.ve\/?p=13575"},"modified":"2026-03-10T15:01:06","modified_gmt":"2026-03-10T19:01:06","slug":"minaguas-mejora-servicio-hidrico-a-30-familias-de-la-urbanizacion-don-luis-en-el-estado-merida","status":"publish","type":"post","link":"https:\/\/minaguas.gob.ve\/?p=13575","title":{"rendered":"MinAguas mejora servicio h\u00eddrico a 30 familias de la urbanizaci\u00f3n Don Luis en el estado M\u00e9rida"},"content":{"rendered":"\n<p><em>Estos trabajos permitieron recuperar el caudal y la presi\u00f3n para optimizar el suministro en el municipio Campo El\u00edas<\/em><\/p>\n\n\n\n<p><strong>(Prensa Ministerio de las Aguas &#8211; 09-03-2026).\u2013<\/strong> Con el firme objetivo de fortalecer la red de distribuci\u00f3n, un equipo multidisciplinario del Ministerio del Poder Popular de las Aguas, ejecut\u00f3 con \u00e9xito la reparaci\u00f3n de una tuber\u00eda de agua potable detectada en la tercera etapa de la urbanizaci\u00f3n Don Luis, parroquia Fern\u00e1ndez Pe\u00f1a, municipio Campo El\u00edas.<\/p>\n\n\n\n<p>La intervenci\u00f3n t\u00e9cnica consisti\u00f3 en la sustituci\u00f3n de un conector de 20mm x 1\/2 pulgada de di\u00e1metro en la calle #1 del referido sector, tras una jornada de maniobras intensivas que se extendieron por m\u00e1s de siete horas. Estas labores permitieron recuperar el caudal y la presi\u00f3n necesarios para garantizar la continuidad del servicio en la zona, atendiendo de manera directa a 30 familias del punto y c\u00edrculo.<\/p>\n\n\n\n<p>El despliegue cont\u00f3 con la participaci\u00f3n activa de una cuadrilla especializada integrada por el Ing. Dar\u00edo Hern\u00e1ndez. El equipo realiz\u00f3 las excavaciones y el reemplazo de piezas de alta resistencia, cumpliendo con los est\u00e1ndares de calidad que requiere la infraestructura hidr\u00e1ulica del estado M\u00e9rida.<\/p>\n\n\n\n<p>Por su parte, la l\u00edder comunitaria del sector Lucrecia Pe\u00f1a, agradeci\u00f3 este trabajo desarrollado ya que se solvent\u00f3 de la mejor manera la incidencia que se hab\u00eda presentado en la zona.<\/p>\n\n\n\n<p>Estos trabajos se consolidan bajo los lineamientos del Presidente Nicol\u00e1s Maduro y la Presidenta encargada, Delcy Rodr\u00edguez, quienes mantienen como prioridad la protecci\u00f3n social del pueblo. Estas pol\u00edticas aseguran que el derecho humano al agua llegue de forma digna a cada hogar venezolano, fortaleciendo la infraestructura nacional frente a cualquier adversidad.<\/p>\n\n\n\n<figure class=\"wp-block-gallery has-nested-images columns-default is-cropped wp-block-gallery-1 is-layout-flex wp-block-gallery-is-layout-flex\">\n<figure class=\"wp-block-image size-large\"><img loading=\"lazy\" decoding=\"async\" width=\"576\" height=\"664\" data-id=\"13586\" src=\"https:\/\/minaguas.gob.ve\/wp-content\/uploads\/2026\/03\/WhatsApp-Image-2026-03-06-at-12.51.44-PM-2.jpeg\" alt=\"\" class=\"wp-image-13586\" srcset=\"https:\/\/minaguas.gob.ve\/wp-content\/uploads\/2026\/03\/WhatsApp-Image-2026-03-06-at-12.51.44-PM-2.jpeg 576w, https:\/\/minaguas.gob.ve\/wp-content\/uploads\/2026\/03\/WhatsApp-Image-2026-03-06-at-12.51.44-PM-2-260x300.jpeg 260w\" sizes=\"auto, (max-width: 576px) 100vw, 576px\" \/><\/figure>\n\n\n\n<figure class=\"wp-block-image size-large\"><img loading=\"lazy\" decoding=\"async\" width=\"576\" height=\"710\" data-id=\"13587\" src=\"https:\/\/minaguas.gob.ve\/wp-content\/uploads\/2026\/03\/WhatsApp-Image-2026-03-06-at-12.51.44-PM-1.jpeg\" alt=\"\" class=\"wp-image-13587\" srcset=\"https:\/\/minaguas.gob.ve\/wp-content\/uploads\/2026\/03\/WhatsApp-Image-2026-03-06-at-12.51.44-PM-1.jpeg 576w, https:\/\/minaguas.gob.ve\/wp-content\/uploads\/2026\/03\/WhatsApp-Image-2026-03-06-at-12.51.44-PM-1-243x300.jpeg 243w\" sizes=\"auto, (max-width: 576px) 100vw, 576px\" \/><\/figure>\n<\/figure>\n","protected":false},"excerpt":{"rendered":"<p>Estos trabajos permitieron recuperar el caudal y la presi\u00f3n para optimizar el suministro en el municipio Campo El\u00edas (Prensa Ministerio de las Aguas &#8211; 09-03-2026).\u2013 Con el firme objetivo de fortalecer la red de distribuci\u00f3n, un equipo multidisciplinario del Ministerio del Poder Popular de las Aguas, ejecut\u00f3 con \u00e9xito la reparaci\u00f3n de una tuber\u00eda de [&hellip;]<\/p>\n","protected":false},"author":27,"featured_media":13605,"comment_status":"closed","ping_status":"open","sticky":false,"template":"","format":"standard","meta":{"footnotes":""},"categories":[1],"tags":[42,252,24,45],"class_list":["post-13575","post","type-post","status-publish","format-standard","has-post-thumbnail","hentry","category-noticias","tag-agua-potable","tag-merida-2","tag-pueblo-trabajador-del-agua","tag-regionales"],"_links":{"self":[{"href":"https:\/\/minaguas.gob.ve\/index.php?rest_route=\/wp\/v2\/posts\/13575","targetHints":{"allow":["GET"]}}],"collection":[{"href":"https:\/\/minaguas.gob.ve\/index.php?rest_route=\/wp\/v2\/posts"}],"about":[{"href":"https:\/\/minaguas.gob.ve\/index.php?rest_route=\/wp\/v2\/types\/post"}],"author":[{"embeddable":true,"href":"https:\/\/minaguas.gob.ve\/index.php?rest_route=\/wp\/v2\/users\/27"}],"replies":[{"embeddable":true,"href":"https:\/\/minaguas.gob.ve\/index.php?rest_route=%2Fwp%2Fv2%2Fcomments&post=13575"}],"version-history":[{"count":1,"href":"https:\/\/minaguas.gob.ve\/index.php?rest_route=\/wp\/v2\/posts\/13575\/revisions"}],"predecessor-version":[{"id":13588,"href":"https:\/\/minaguas.gob.ve\/index.php?rest_route=\/wp\/v2\/posts\/13575\/revisions\/13588"}],"wp:featuredmedia":[{"embeddable":true,"href":"https:\/\/minaguas.gob.ve\/index.php?rest_route=\/wp\/v2\/media\/13605"}],"wp:attachment":[{"href":"https:\/\/minaguas.gob.ve\/index.php?rest_route=%2Fwp%2Fv2%2Fmedia&parent=13575"}],"wp:term":[{"taxonomy":"category","embeddable":true,"href":"https:\/\/minaguas.gob.ve\/index.php?rest_route=%2Fwp%2Fv2%2Fcategories&post=13575"},{"taxonomy":"post_tag","embeddable":true,"href":"https:\/\/minaguas.gob.ve\/index.php?rest_route=%2Fwp%2Fv2%2Ftags&post=13575"}],"curies":[{"name":"wp","href":"https:\/\/api.w.org\/{rel}","templated":true}]}}