{"id":13564,"date":"2026-03-10T11:53:59","date_gmt":"2026-03-10T15:53:59","guid":{"rendered":"https:\/\/minaguas.gob.ve\/?p=13564"},"modified":"2026-03-10T11:53:59","modified_gmt":"2026-03-10T15:53:59","slug":"en-monagas-inician-rehabilitacion-de-planta-potabilizadora-puente-quemado-en-punceres","status":"publish","type":"post","link":"https:\/\/minaguas.gob.ve\/?p=13564","title":{"rendered":"En Monagas | Inician rehabilitaci\u00f3n de planta potabilizadora Puente Quemado en Punceres"},"content":{"rendered":"\n<p><em>\u200eM\u00e1s de 2 mil 500 familias de Quiriquire y La Bruja ser\u00e1n atendidas con la optimizaci\u00f3n de la infraestructura h\u00eddrica<\/em><\/p>\n\n\n\n<p><strong>\u200e\u200e(Prensa Ministerio de las Aguas &#8211; 10-03-26).-<\/strong> En cumplimiento con las instrucciones del Presidente Nicol\u00e1s Maduro y la Presidenta encargada Delcy Rodr\u00edguez, el Ministerio del Poder Popular de las Aguas (MinAguas), en articulaci\u00f3n con la Gobernaci\u00f3n del estado y la Alcald\u00eda de Punceres, inici\u00f3 los trabajos de rehabilitaci\u00f3n de la planta potabilizadora Puente Quemado, ubicada en el sector S\u00e1bana Larga para garantizar el suministro a m\u00e1s de 2 mil 500 familias de 18 comunidades de La Bruja y Quiriquire.<\/p>\n\n\n\n<p>La intervenci\u00f3n t\u00e9cnica ejecutada por el equipo multidisciplinario del agua, contempla en su primera fase la instalaci\u00f3n de dos bombas sumergibles 30 y 60 HP en el \u00e1rea de captaci\u00f3n, lo que permite aportar 180 litros por segundo adicionales a los tanques de almacenamiento, mejorando la operatividad de la planta.<\/p>\n\n\n\n<p>Como parte de una segunda fase, se proyecta la adecuaci\u00f3n el\u00e9ctrica y mec\u00e1nica del sistema, con la incorporaci\u00f3n de dos nuevos equipos sumergibles de 150 HP en el tanque de almacenamiento con capacidad de 100 metros c\u00fabicos, asegurando un flujo total de 243 litros por segundo hacia la red de distribuci\u00f3n para estos sectores.<br>Adicionalmente este plan de rehabilitaci\u00f3n contempla la restauraci\u00f3n de la plataforma del \u00e1rea de captaci\u00f3n, sustituci\u00f3n de v\u00e1lvulas de compuerta y check, el mantenimiento de tanques sedimentadores, almacenamiento subterr\u00e1neo, la aplicaci\u00f3n de fondo anticorrosivo y pintura aluminizada en todas las \u00e1reas operativas.<\/p>\n\n\n\n<p>El coordinador mec\u00e1nico de MinAguas, Ing. Edward Garc\u00eda, destac\u00f3 que estas acciones forman parte de la Segunda Transformaci\u00f3n (2T), enfocada en la optimizaci\u00f3n de los servicios p\u00fablicos.<\/p>\n\n\n\n<p>\u00abNuestro equipo multidisciplinario se mantiene desplegado en el territorio para asegurar que la infraestructura h\u00eddrica responda a los est\u00e1ndares de calidad que nuestro pueblo merece\u00bb, afirm\u00f3.<\/p>\n\n\n\n<p>Con estas acciones, el Gobierno Bolivariano reafirma su compromiso con el fortalecimiento de los servicios p\u00fablicos en el estado Monagas, consolidando la protecci\u00f3n social y el acceso soberano al vital l\u00edquido.<\/p>\n\n\n\n<figure class=\"wp-block-gallery has-nested-images columns-default is-cropped wp-block-gallery-1 is-layout-flex wp-block-gallery-is-layout-flex\">\n<figure class=\"wp-block-image size-large\"><img loading=\"lazy\" decoding=\"async\" width=\"1024\" height=\"576\" data-id=\"13571\" src=\"https:\/\/minaguas.gob.ve\/wp-content\/uploads\/2026\/03\/WhatsApp-Image-2026-03-10-at-8.58.56-AM-2-1024x576.jpeg\" alt=\"\" class=\"wp-image-13571\" srcset=\"https:\/\/minaguas.gob.ve\/wp-content\/uploads\/2026\/03\/WhatsApp-Image-2026-03-10-at-8.58.56-AM-2-1024x576.jpeg 1024w, https:\/\/minaguas.gob.ve\/wp-content\/uploads\/2026\/03\/WhatsApp-Image-2026-03-10-at-8.58.56-AM-2-300x169.jpeg 300w, https:\/\/minaguas.gob.ve\/wp-content\/uploads\/2026\/03\/WhatsApp-Image-2026-03-10-at-8.58.56-AM-2-768x432.jpeg 768w, https:\/\/minaguas.gob.ve\/wp-content\/uploads\/2026\/03\/WhatsApp-Image-2026-03-10-at-8.58.56-AM-2.jpeg 1280w\" sizes=\"auto, (max-width: 1024px) 100vw, 1024px\" \/><\/figure>\n\n\n\n<figure class=\"wp-block-image size-large\"><img decoding=\"async\" data-id=\"13572\" src=\"https:\/\/minaguas.gob.ve\/wp-content\/uploads\/2026\/03\/WhatsApp-Image-2026-03-10-at-8.58.56-AM-1024x768.jpeg\" alt=\"\" class=\"wp-image-13572\"\/><\/figure>\n<\/figure>\n","protected":false},"excerpt":{"rendered":"<p>\u200eM\u00e1s de 2 mil 500 familias de Quiriquire y La Bruja ser\u00e1n atendidas con la optimizaci\u00f3n de la infraestructura h\u00eddrica \u200e\u200e(Prensa Ministerio de las Aguas &#8211; 10-03-26).- En cumplimiento con las instrucciones del Presidente Nicol\u00e1s Maduro y la Presidenta encargada Delcy Rodr\u00edguez, el Ministerio del Poder Popular de las Aguas (MinAguas), en articulaci\u00f3n con la [&hellip;]<\/p>\n","protected":false},"author":27,"featured_media":13567,"comment_status":"closed","ping_status":"open","sticky":false,"template":"","format":"standard","meta":{"footnotes":""},"categories":[1],"tags":[42,138,32,24,45],"class_list":["post-13564","post","type-post","status-publish","format-standard","has-post-thumbnail","hentry","category-noticias","tag-agua-potable","tag-monagas","tag-planta-potabilizadora","tag-pueblo-trabajador-del-agua","tag-regionales"],"_links":{"self":[{"href":"https:\/\/minaguas.gob.ve\/index.php?rest_route=\/wp\/v2\/posts\/13564","targetHints":{"allow":["GET"]}}],"collection":[{"href":"https:\/\/minaguas.gob.ve\/index.php?rest_route=\/wp\/v2\/posts"}],"about":[{"href":"https:\/\/minaguas.gob.ve\/index.php?rest_route=\/wp\/v2\/types\/post"}],"author":[{"embeddable":true,"href":"https:\/\/minaguas.gob.ve\/index.php?rest_route=\/wp\/v2\/users\/27"}],"replies":[{"embeddable":true,"href":"https:\/\/minaguas.gob.ve\/index.php?rest_route=%2Fwp%2Fv2%2Fcomments&post=13564"}],"version-history":[{"count":1,"href":"https:\/\/minaguas.gob.ve\/index.php?rest_route=\/wp\/v2\/posts\/13564\/revisions"}],"predecessor-version":[{"id":13573,"href":"https:\/\/minaguas.gob.ve\/index.php?rest_route=\/wp\/v2\/posts\/13564\/revisions\/13573"}],"wp:featuredmedia":[{"embeddable":true,"href":"https:\/\/minaguas.gob.ve\/index.php?rest_route=\/wp\/v2\/media\/13567"}],"wp:attachment":[{"href":"https:\/\/minaguas.gob.ve\/index.php?rest_route=%2Fwp%2Fv2%2Fmedia&parent=13564"}],"wp:term":[{"taxonomy":"category","embeddable":true,"href":"https:\/\/minaguas.gob.ve\/index.php?rest_route=%2Fwp%2Fv2%2Fcategories&post=13564"},{"taxonomy":"post_tag","embeddable":true,"href":"https:\/\/minaguas.gob.ve\/index.php?rest_route=%2Fwp%2Fv2%2Ftags&post=13564"}],"curies":[{"name":"wp","href":"https:\/\/api.w.org\/{rel}","templated":true}]}}