{"id":13391,"date":"2026-01-27T15:54:15","date_gmt":"2026-01-27T19:54:15","guid":{"rendered":"https:\/\/minaguas.gob.ve\/?p=13391"},"modified":"2026-01-27T15:54:15","modified_gmt":"2026-01-27T19:54:15","slug":"hidrocapital-culmina-con-exito-jornada-de-mantenimiento-y-recuperacion-de-los-sistemas-tuy","status":"publish","type":"post","link":"https:\/\/minaguas.gob.ve\/?p=13391","title":{"rendered":"Hidrocapital culmina con \u00e9xito jornada de mantenimiento y recuperaci\u00f3n de los sistemas Tuy"},"content":{"rendered":"\n<p><em>Gracias a la ejecuci\u00f3n de 25 acciones estrat\u00e9gicas, se fortalece el suministro de agua en la Regi\u00f3n Capital<\/em><\/p>\n\n\n\n<p><strong>(Prensa Ministerio de las Aguas 27\/01\/2026).-<\/strong> Tras un significativo despliegue que inici\u00f3 en horas de la madrugada del lunes, Hidrocapital finaliz\u00f3 con \u00e9xito la jornada de mantenimiento y recuperaci\u00f3n de los sistemas Tuy, en menos de 24 horas, para garantizar el servicio de agua potable en la Regi\u00f3n Capital.<\/p>\n\n\n\n<p>Gracias a la ejecuci\u00f3n t\u00e9cnica de estas maniobras, se logr\u00f3 la recuperaci\u00f3n de 107 litros de agua por segundo (L\/S), flujo que se reincorpora a la red de distribuci\u00f3n para fortalecer el suministro a 3 millones de personas de Caracas, Miranda y La Guaira.<\/p>\n\n\n\n<p>El despliegue operativo alcanz\u00f3 el cumplimiento de las 25 acciones estrat\u00e9gicas programadas para este d\u00eda, donde el equipo multidisciplinario del agua trabaj\u00f3 incansablemente en diferentes frentes, contando con 256 trabajadores especializados.<\/p>\n\n\n\n<p>&nbsp;La hidrol\u00f3gica de la Regi\u00f3n Capital estableci\u00f3 puntos de atenci\u00f3n en tuber\u00edas, plantas potabilizadoras, estaciones de bombeo y componentes el\u00e9ctricos que requer\u00edan abordaje para su \u00f3ptimo funcionamiento.<\/p>\n\n\n\n<p>Entre las labores de mayor impacto destaca la sustituci\u00f3n de la v\u00e1lvula de descarga de 30 pulgadas de di\u00e1metro en la E\/B 32 y mantenimiento de la v\u00e1lvula de compuerta de 12 pulgadas de di\u00e1metro, ubicada en el parque Al\u00ed Primera de la parroquia Sucre. Asimismo, se efectuaron labores correctivas en la aducci\u00f3n principal de 85 pulgadas de di\u00e1metro, a la altura del sector Camatag\u00fcita.&nbsp;<\/p>\n\n\n\n<p>De manera complementaria, se realizaron labores de mantenimiento electromec\u00e1nico en los grupos de bombeo de las estaciones 31, Mamonal, 33 y La Chara, junto a la optimizaci\u00f3n de los sistemas de dosificaci\u00f3n de cloro y sedimentadores en la planta potabilizadora Caujarito.&nbsp;<\/p>\n\n\n\n<p>Estas acciones forman parte del Plan de Recuperaci\u00f3n, Estabilizaci\u00f3n y Mantenimiento (REM) que lleva adelante el Ministerio del Poder Popular las Aguas en el marco de la 2T del Plan de la Patria 2025-2031 creado por el Presidente Nicol\u00e1s Maduro e impulsado por la Presidenta Encargada Delcy Rodr\u00edguez.<\/p>\n\n\n\n<figure class=\"wp-block-gallery has-nested-images columns-default is-cropped wp-block-gallery-1 is-layout-flex wp-block-gallery-is-layout-flex\">\n<figure class=\"wp-block-image size-large\"><img loading=\"lazy\" decoding=\"async\" width=\"1008\" height=\"756\" data-id=\"13392\" src=\"https:\/\/minaguas.gob.ve\/wp-content\/uploads\/2026\/01\/WhatsApp-Image-2026-01-27-at-2.48.12-PM-1.jpeg\" alt=\"\" class=\"wp-image-13392\" srcset=\"https:\/\/minaguas.gob.ve\/wp-content\/uploads\/2026\/01\/WhatsApp-Image-2026-01-27-at-2.48.12-PM-1.jpeg 1008w, https:\/\/minaguas.gob.ve\/wp-content\/uploads\/2026\/01\/WhatsApp-Image-2026-01-27-at-2.48.12-PM-1-300x225.jpeg 300w, https:\/\/minaguas.gob.ve\/wp-content\/uploads\/2026\/01\/WhatsApp-Image-2026-01-27-at-2.48.12-PM-1-768x576.jpeg 768w\" sizes=\"auto, (max-width: 1008px) 100vw, 1008px\" \/><\/figure>\n\n\n\n<figure class=\"wp-block-image size-large\"><img loading=\"lazy\" decoding=\"async\" width=\"1008\" height=\"756\" data-id=\"13393\" src=\"https:\/\/minaguas.gob.ve\/wp-content\/uploads\/2026\/01\/WhatsApp-Image-2026-01-27-at-2.48.12-PM.jpeg\" alt=\"\" class=\"wp-image-13393\" srcset=\"https:\/\/minaguas.gob.ve\/wp-content\/uploads\/2026\/01\/WhatsApp-Image-2026-01-27-at-2.48.12-PM.jpeg 1008w, https:\/\/minaguas.gob.ve\/wp-content\/uploads\/2026\/01\/WhatsApp-Image-2026-01-27-at-2.48.12-PM-300x225.jpeg 300w, https:\/\/minaguas.gob.ve\/wp-content\/uploads\/2026\/01\/WhatsApp-Image-2026-01-27-at-2.48.12-PM-768x576.jpeg 768w\" sizes=\"auto, (max-width: 1008px) 100vw, 1008px\" \/><\/figure>\n\n\n\n<figure class=\"wp-block-image size-large\"><img loading=\"lazy\" decoding=\"async\" width=\"1008\" height=\"756\" data-id=\"13394\" src=\"https:\/\/minaguas.gob.ve\/wp-content\/uploads\/2026\/01\/WhatsApp-Image-2026-01-27-at-2.48.10-PM.jpeg\" alt=\"\" class=\"wp-image-13394\" srcset=\"https:\/\/minaguas.gob.ve\/wp-content\/uploads\/2026\/01\/WhatsApp-Image-2026-01-27-at-2.48.10-PM.jpeg 1008w, https:\/\/minaguas.gob.ve\/wp-content\/uploads\/2026\/01\/WhatsApp-Image-2026-01-27-at-2.48.10-PM-300x225.jpeg 300w, https:\/\/minaguas.gob.ve\/wp-content\/uploads\/2026\/01\/WhatsApp-Image-2026-01-27-at-2.48.10-PM-768x576.jpeg 768w\" sizes=\"auto, (max-width: 1008px) 100vw, 1008px\" \/><\/figure>\n\n\n\n<figure class=\"wp-block-image size-large\"><img loading=\"lazy\" decoding=\"async\" width=\"1024\" height=\"768\" data-id=\"13398\" src=\"https:\/\/minaguas.gob.ve\/wp-content\/uploads\/2026\/01\/WhatsApp-Image-2026-01-27-at-2.46.23-PM-1-1024x768.jpeg\" alt=\"\" class=\"wp-image-13398\" srcset=\"https:\/\/minaguas.gob.ve\/wp-content\/uploads\/2026\/01\/WhatsApp-Image-2026-01-27-at-2.46.23-PM-1-1024x768.jpeg 1024w, https:\/\/minaguas.gob.ve\/wp-content\/uploads\/2026\/01\/WhatsApp-Image-2026-01-27-at-2.46.23-PM-1-300x225.jpeg 300w, https:\/\/minaguas.gob.ve\/wp-content\/uploads\/2026\/01\/WhatsApp-Image-2026-01-27-at-2.46.23-PM-1-768x576.jpeg 768w, https:\/\/minaguas.gob.ve\/wp-content\/uploads\/2026\/01\/WhatsApp-Image-2026-01-27-at-2.46.23-PM-1.jpeg 1080w\" sizes=\"auto, (max-width: 1024px) 100vw, 1024px\" \/><\/figure>\n\n\n\n<figure class=\"wp-block-image size-large\"><img loading=\"lazy\" decoding=\"async\" width=\"1024\" height=\"768\" data-id=\"13397\" src=\"https:\/\/minaguas.gob.ve\/wp-content\/uploads\/2026\/01\/WhatsApp-Image-2026-01-27-at-2.46.23-PM-1024x768.jpeg\" alt=\"\" class=\"wp-image-13397\" srcset=\"https:\/\/minaguas.gob.ve\/wp-content\/uploads\/2026\/01\/WhatsApp-Image-2026-01-27-at-2.46.23-PM-1024x768.jpeg 1024w, https:\/\/minaguas.gob.ve\/wp-content\/uploads\/2026\/01\/WhatsApp-Image-2026-01-27-at-2.46.23-PM-300x225.jpeg 300w, https:\/\/minaguas.gob.ve\/wp-content\/uploads\/2026\/01\/WhatsApp-Image-2026-01-27-at-2.46.23-PM-768x576.jpeg 768w, https:\/\/minaguas.gob.ve\/wp-content\/uploads\/2026\/01\/WhatsApp-Image-2026-01-27-at-2.46.23-PM.jpeg 1080w\" sizes=\"auto, (max-width: 1024px) 100vw, 1024px\" \/><\/figure>\n\n\n\n<figure class=\"wp-block-image size-large\"><img loading=\"lazy\" decoding=\"async\" width=\"1024\" height=\"768\" data-id=\"13401\" src=\"https:\/\/minaguas.gob.ve\/wp-content\/uploads\/2026\/01\/WhatsApp-Image-2026-01-27-at-2.46.22-PM-2-1024x768.jpeg\" alt=\"\" class=\"wp-image-13401\" srcset=\"https:\/\/minaguas.gob.ve\/wp-content\/uploads\/2026\/01\/WhatsApp-Image-2026-01-27-at-2.46.22-PM-2-1024x768.jpeg 1024w, https:\/\/minaguas.gob.ve\/wp-content\/uploads\/2026\/01\/WhatsApp-Image-2026-01-27-at-2.46.22-PM-2-300x225.jpeg 300w, https:\/\/minaguas.gob.ve\/wp-content\/uploads\/2026\/01\/WhatsApp-Image-2026-01-27-at-2.46.22-PM-2-768x576.jpeg 768w, https:\/\/minaguas.gob.ve\/wp-content\/uploads\/2026\/01\/WhatsApp-Image-2026-01-27-at-2.46.22-PM-2.jpeg 1080w\" sizes=\"auto, (max-width: 1024px) 100vw, 1024px\" \/><\/figure>\n\n\n\n<figure class=\"wp-block-image size-large\"><img loading=\"lazy\" decoding=\"async\" width=\"1024\" height=\"768\" data-id=\"13400\" src=\"https:\/\/minaguas.gob.ve\/wp-content\/uploads\/2026\/01\/WhatsApp-Image-2026-01-27-at-2.46.22-PM-1-1024x768.jpeg\" alt=\"\" class=\"wp-image-13400\" srcset=\"https:\/\/minaguas.gob.ve\/wp-content\/uploads\/2026\/01\/WhatsApp-Image-2026-01-27-at-2.46.22-PM-1-1024x768.jpeg 1024w, https:\/\/minaguas.gob.ve\/wp-content\/uploads\/2026\/01\/WhatsApp-Image-2026-01-27-at-2.46.22-PM-1-300x225.jpeg 300w, https:\/\/minaguas.gob.ve\/wp-content\/uploads\/2026\/01\/WhatsApp-Image-2026-01-27-at-2.46.22-PM-1-768x576.jpeg 768w, https:\/\/minaguas.gob.ve\/wp-content\/uploads\/2026\/01\/WhatsApp-Image-2026-01-27-at-2.46.22-PM-1.jpeg 1080w\" sizes=\"auto, (max-width: 1024px) 100vw, 1024px\" \/><\/figure>\n\n\n\n<figure class=\"wp-block-image size-large\"><img loading=\"lazy\" decoding=\"async\" width=\"1024\" height=\"768\" data-id=\"13395\" src=\"https:\/\/minaguas.gob.ve\/wp-content\/uploads\/2026\/01\/WhatsApp-Image-2026-01-27-at-2.46.22-PM-1024x768.jpeg\" alt=\"\" class=\"wp-image-13395\" srcset=\"https:\/\/minaguas.gob.ve\/wp-content\/uploads\/2026\/01\/WhatsApp-Image-2026-01-27-at-2.46.22-PM-1024x768.jpeg 1024w, https:\/\/minaguas.gob.ve\/wp-content\/uploads\/2026\/01\/WhatsApp-Image-2026-01-27-at-2.46.22-PM-300x225.jpeg 300w, https:\/\/minaguas.gob.ve\/wp-content\/uploads\/2026\/01\/WhatsApp-Image-2026-01-27-at-2.46.22-PM-768x576.jpeg 768w, https:\/\/minaguas.gob.ve\/wp-content\/uploads\/2026\/01\/WhatsApp-Image-2026-01-27-at-2.46.22-PM.jpeg 1080w\" sizes=\"auto, (max-width: 1024px) 100vw, 1024px\" \/><\/figure>\n\n\n\n<figure class=\"wp-block-image size-large\"><img loading=\"lazy\" decoding=\"async\" width=\"1024\" height=\"768\" data-id=\"13399\" src=\"https:\/\/minaguas.gob.ve\/wp-content\/uploads\/2026\/01\/WhatsApp-Image-2026-01-27-at-2.46.21-PM-1-1024x768.jpeg\" alt=\"\" class=\"wp-image-13399\" srcset=\"https:\/\/minaguas.gob.ve\/wp-content\/uploads\/2026\/01\/WhatsApp-Image-2026-01-27-at-2.46.21-PM-1-1024x768.jpeg 1024w, https:\/\/minaguas.gob.ve\/wp-content\/uploads\/2026\/01\/WhatsApp-Image-2026-01-27-at-2.46.21-PM-1-300x225.jpeg 300w, https:\/\/minaguas.gob.ve\/wp-content\/uploads\/2026\/01\/WhatsApp-Image-2026-01-27-at-2.46.21-PM-1-768x576.jpeg 768w, https:\/\/minaguas.gob.ve\/wp-content\/uploads\/2026\/01\/WhatsApp-Image-2026-01-27-at-2.46.21-PM-1.jpeg 1080w\" sizes=\"auto, (max-width: 1024px) 100vw, 1024px\" \/><\/figure>\n\n\n\n<figure class=\"wp-block-image size-large\"><img loading=\"lazy\" decoding=\"async\" width=\"1024\" height=\"768\" data-id=\"13402\" src=\"https:\/\/minaguas.gob.ve\/wp-content\/uploads\/2026\/01\/WhatsApp-Image-2026-01-27-at-2.46.21-PM-1024x768.jpeg\" alt=\"\" class=\"wp-image-13402\" srcset=\"https:\/\/minaguas.gob.ve\/wp-content\/uploads\/2026\/01\/WhatsApp-Image-2026-01-27-at-2.46.21-PM-1024x768.jpeg 1024w, https:\/\/minaguas.gob.ve\/wp-content\/uploads\/2026\/01\/WhatsApp-Image-2026-01-27-at-2.46.21-PM-300x225.jpeg 300w, https:\/\/minaguas.gob.ve\/wp-content\/uploads\/2026\/01\/WhatsApp-Image-2026-01-27-at-2.46.21-PM-768x576.jpeg 768w, https:\/\/minaguas.gob.ve\/wp-content\/uploads\/2026\/01\/WhatsApp-Image-2026-01-27-at-2.46.21-PM.jpeg 1080w\" sizes=\"auto, (max-width: 1024px) 100vw, 1024px\" \/><\/figure>\n\n\n\n<figure class=\"wp-block-image size-large\"><img loading=\"lazy\" decoding=\"async\" width=\"1024\" height=\"768\" data-id=\"13396\" src=\"https:\/\/minaguas.gob.ve\/wp-content\/uploads\/2026\/01\/WhatsApp-Image-2026-01-27-at-2.46.20-PM-1024x768.jpeg\" alt=\"\" class=\"wp-image-13396\" srcset=\"https:\/\/minaguas.gob.ve\/wp-content\/uploads\/2026\/01\/WhatsApp-Image-2026-01-27-at-2.46.20-PM-1024x768.jpeg 1024w, https:\/\/minaguas.gob.ve\/wp-content\/uploads\/2026\/01\/WhatsApp-Image-2026-01-27-at-2.46.20-PM-300x225.jpeg 300w, https:\/\/minaguas.gob.ve\/wp-content\/uploads\/2026\/01\/WhatsApp-Image-2026-01-27-at-2.46.20-PM-768x576.jpeg 768w, https:\/\/minaguas.gob.ve\/wp-content\/uploads\/2026\/01\/WhatsApp-Image-2026-01-27-at-2.46.20-PM.jpeg 1080w\" sizes=\"auto, (max-width: 1024px) 100vw, 1024px\" \/><\/figure>\n<\/figure>\n","protected":false},"excerpt":{"rendered":"<p>Gracias a la ejecuci\u00f3n de 25 acciones estrat\u00e9gicas, se fortalece el suministro de agua en la Regi\u00f3n Capital (Prensa Ministerio de las Aguas 27\/01\/2026).- Tras un significativo despliegue que inici\u00f3 en horas de la madrugada del lunes, Hidrocapital finaliz\u00f3 con \u00e9xito la jornada de mantenimiento y recuperaci\u00f3n de los sistemas Tuy, en menos de 24 [&hellip;]<\/p>\n","protected":false},"author":28,"featured_media":13403,"comment_status":"open","ping_status":"open","sticky":false,"template":"","format":"standard","meta":{"footnotes":""},"categories":[1],"tags":[42,8,24],"class_list":["post-13391","post","type-post","status-publish","format-standard","has-post-thumbnail","hentry","category-noticias","tag-agua-potable","tag-nacionales","tag-pueblo-trabajador-del-agua"],"_links":{"self":[{"href":"https:\/\/minaguas.gob.ve\/index.php?rest_route=\/wp\/v2\/posts\/13391","targetHints":{"allow":["GET"]}}],"collection":[{"href":"https:\/\/minaguas.gob.ve\/index.php?rest_route=\/wp\/v2\/posts"}],"about":[{"href":"https:\/\/minaguas.gob.ve\/index.php?rest_route=\/wp\/v2\/types\/post"}],"author":[{"embeddable":true,"href":"https:\/\/minaguas.gob.ve\/index.php?rest_route=\/wp\/v2\/users\/28"}],"replies":[{"embeddable":true,"href":"https:\/\/minaguas.gob.ve\/index.php?rest_route=%2Fwp%2Fv2%2Fcomments&post=13391"}],"version-history":[{"count":0,"href":"https:\/\/minaguas.gob.ve\/index.php?rest_route=\/wp\/v2\/posts\/13391\/revisions"}],"wp:featuredmedia":[{"embeddable":true,"href":"https:\/\/minaguas.gob.ve\/index.php?rest_route=\/wp\/v2\/media\/13403"}],"wp:attachment":[{"href":"https:\/\/minaguas.gob.ve\/index.php?rest_route=%2Fwp%2Fv2%2Fmedia&parent=13391"}],"wp:term":[{"taxonomy":"category","embeddable":true,"href":"https:\/\/minaguas.gob.ve\/index.php?rest_route=%2Fwp%2Fv2%2Fcategories&post=13391"},{"taxonomy":"post_tag","embeddable":true,"href":"https:\/\/minaguas.gob.ve\/index.php?rest_route=%2Fwp%2Fv2%2Ftags&post=13391"}],"curies":[{"name":"wp","href":"https:\/\/api.w.org\/{rel}","templated":true}]}}