{"id":13381,"date":"2026-01-27T08:50:00","date_gmt":"2026-01-27T12:50:00","guid":{"rendered":"https:\/\/minaguas.gob.ve\/?p=13381"},"modified":"2026-01-27T08:50:00","modified_gmt":"2026-01-27T12:50:00","slug":"gobierno-bolivariano-sustituye-tramo-de-colector-en-estacion-de-bombeo-de-aguas-servidas-el-guapo","status":"publish","type":"post","link":"https:\/\/minaguas.gob.ve\/?p=13381","title":{"rendered":"Gobierno Bolivariano sustituye tramo de colector en estaci\u00f3n de bombeo de aguas servidas El Guapo"},"content":{"rendered":"\n<p><em>Con este trabajo optimizan<\/em><em> el sistema de saneamiento en Cuman\u00e1, garantizando una respuesta inmediata a<\/em><em> m\u00e1s de 2.500 familias en el estado Sucre<\/em><\/p>\n\n\n\n<p><strong>(Prensa Ministerio de las Aguas 26\/01\/2026).- <\/strong>En un despliegue de atenci\u00f3n directa a los servicios p\u00fablicos, el Ministerio del Poder Popular de las Aguas, ejecutado por la fuerza trabajadora de HidroCaribe, culmin\u00f3 con \u00e9xito la sustituci\u00f3n de un tramo del colector principal en la comunidad de El Cumanagoto. La obra, enmarcada en el plan de fortalecimiento de la red de saneamiento, asegura la operatividad del sistema de aguas servidas en atenci\u00f3n de los habitantes del municipio Sucre.<br><br>Para la ejecuci\u00f3n de este proyecto, un equipo multidisciplinario trabaj\u00f3 de manera ininterrumpida durante <strong>72 horas<\/strong>. Las maniobras requirieron el uso de maquinaria pesada, incluyendo unidades Jumbo, retroexcavadoras, camiones Vacuum y equipos de soldadura especializada para garantizar la durabilidad de la infraestructura.<br><br>La intervenci\u00f3n t\u00e9cnica consisti\u00f3 en el reemplazo de una <strong>aducci\u00f3n de 24 pulgadas de di\u00e1metro<\/strong>, pieza clave de la l\u00ednea principal conectada a la estaci\u00f3n de bombeo \u00abEl Guapo\u00bb. Gracias a esta acci\u00f3n, mejor\u00f3 el flujo h\u00eddrico en las comunidades y se brind\u00f3 atenci\u00f3n directa a las comunas: Vencedores de San Luis, L\u00e1zaro Hern\u00e1ndez y Cumanagoto Potencia. La culminaci\u00f3n de la obra impacta positivamente a <strong>2.588 familias<\/strong> residentes en las parroquias Ayacucho y Altagracia.<br><br>El l\u00edder comunitario de la zona, Julio Rodr\u00edguez, destac\u00f3 la eficiencia de las cuadrillas durante los trabajos: \u201cGracias por su dedicaci\u00f3n a nuestra comunidad; podemos demostrar as\u00ed que superaremos cualquier desaf\u00edo juntos. Obtuvimos una respuesta r\u00e1pida y un equipo t\u00e9cnico comprometido\u201d, enfatiz\u00f3 el vocero vecinal.<br><br>Con la finalizaci\u00f3n de estos trabajos, el Gobierno Bolivariano reafirma su compromiso con el bienestar del Pueblo Trabajador y el desarrollo sostenible de la infraestructura h\u00eddrica. Estas acciones forman parte de las pol\u00edticas p\u00fablicas destinadas a elevar la calidad de vida de los sucrenses y asegurar un entorno saludable para el Poder Popular.<\/p>\n\n\n\n<figure class=\"wp-block-gallery has-nested-images columns-default is-cropped wp-block-gallery-1 is-layout-flex wp-block-gallery-is-layout-flex\">\n<figure class=\"wp-block-image size-large\"><img loading=\"lazy\" decoding=\"async\" width=\"1024\" height=\"768\" data-id=\"13383\" src=\"https:\/\/minaguas.gob.ve\/wp-content\/uploads\/2026\/01\/WhatsApp-Image-2026-01-26-at-11.40.03-AM-4-1024x768.jpeg\" alt=\"\" class=\"wp-image-13383\" srcset=\"https:\/\/minaguas.gob.ve\/wp-content\/uploads\/2026\/01\/WhatsApp-Image-2026-01-26-at-11.40.03-AM-4-1024x768.jpeg 1024w, https:\/\/minaguas.gob.ve\/wp-content\/uploads\/2026\/01\/WhatsApp-Image-2026-01-26-at-11.40.03-AM-4-300x225.jpeg 300w, https:\/\/minaguas.gob.ve\/wp-content\/uploads\/2026\/01\/WhatsApp-Image-2026-01-26-at-11.40.03-AM-4-768x576.jpeg 768w, https:\/\/minaguas.gob.ve\/wp-content\/uploads\/2026\/01\/WhatsApp-Image-2026-01-26-at-11.40.03-AM-4.jpeg 1280w\" sizes=\"auto, (max-width: 1024px) 100vw, 1024px\" \/><\/figure>\n\n\n\n<figure class=\"wp-block-image size-large\"><img loading=\"lazy\" decoding=\"async\" width=\"1024\" height=\"768\" data-id=\"13384\" src=\"https:\/\/minaguas.gob.ve\/wp-content\/uploads\/2026\/01\/WhatsApp-Image-2026-01-26-at-11.40.03-AM-3-1024x768.jpeg\" alt=\"\" class=\"wp-image-13384\" srcset=\"https:\/\/minaguas.gob.ve\/wp-content\/uploads\/2026\/01\/WhatsApp-Image-2026-01-26-at-11.40.03-AM-3-1024x768.jpeg 1024w, https:\/\/minaguas.gob.ve\/wp-content\/uploads\/2026\/01\/WhatsApp-Image-2026-01-26-at-11.40.03-AM-3-300x225.jpeg 300w, https:\/\/minaguas.gob.ve\/wp-content\/uploads\/2026\/01\/WhatsApp-Image-2026-01-26-at-11.40.03-AM-3-768x576.jpeg 768w, https:\/\/minaguas.gob.ve\/wp-content\/uploads\/2026\/01\/WhatsApp-Image-2026-01-26-at-11.40.03-AM-3.jpeg 1280w\" sizes=\"auto, (max-width: 1024px) 100vw, 1024px\" \/><\/figure>\n\n\n\n<figure class=\"wp-block-image size-large\"><img loading=\"lazy\" decoding=\"async\" width=\"1024\" height=\"768\" data-id=\"13385\" src=\"https:\/\/minaguas.gob.ve\/wp-content\/uploads\/2026\/01\/WhatsApp-Image-2026-01-26-at-11.40.03-AM-2-1024x768.jpeg\" alt=\"\" class=\"wp-image-13385\" srcset=\"https:\/\/minaguas.gob.ve\/wp-content\/uploads\/2026\/01\/WhatsApp-Image-2026-01-26-at-11.40.03-AM-2-1024x768.jpeg 1024w, https:\/\/minaguas.gob.ve\/wp-content\/uploads\/2026\/01\/WhatsApp-Image-2026-01-26-at-11.40.03-AM-2-300x225.jpeg 300w, https:\/\/minaguas.gob.ve\/wp-content\/uploads\/2026\/01\/WhatsApp-Image-2026-01-26-at-11.40.03-AM-2-768x576.jpeg 768w, https:\/\/minaguas.gob.ve\/wp-content\/uploads\/2026\/01\/WhatsApp-Image-2026-01-26-at-11.40.03-AM-2.jpeg 1280w\" sizes=\"auto, (max-width: 1024px) 100vw, 1024px\" \/><\/figure>\n\n\n\n<figure class=\"wp-block-image size-large\"><img loading=\"lazy\" decoding=\"async\" width=\"1024\" height=\"768\" data-id=\"13389\" src=\"https:\/\/minaguas.gob.ve\/wp-content\/uploads\/2026\/01\/WhatsApp-Image-2026-01-26-at-11.40.03-AM-1-1024x768.jpeg\" alt=\"\" class=\"wp-image-13389\" srcset=\"https:\/\/minaguas.gob.ve\/wp-content\/uploads\/2026\/01\/WhatsApp-Image-2026-01-26-at-11.40.03-AM-1-1024x768.jpeg 1024w, https:\/\/minaguas.gob.ve\/wp-content\/uploads\/2026\/01\/WhatsApp-Image-2026-01-26-at-11.40.03-AM-1-300x225.jpeg 300w, https:\/\/minaguas.gob.ve\/wp-content\/uploads\/2026\/01\/WhatsApp-Image-2026-01-26-at-11.40.03-AM-1-768x576.jpeg 768w, https:\/\/minaguas.gob.ve\/wp-content\/uploads\/2026\/01\/WhatsApp-Image-2026-01-26-at-11.40.03-AM-1.jpeg 1280w\" sizes=\"auto, (max-width: 1024px) 100vw, 1024px\" \/><\/figure>\n\n\n\n<figure class=\"wp-block-image size-large\"><img loading=\"lazy\" decoding=\"async\" width=\"1024\" height=\"768\" data-id=\"13387\" src=\"https:\/\/minaguas.gob.ve\/wp-content\/uploads\/2026\/01\/WhatsApp-Image-2026-01-26-at-11.40.03-AM.jpeg\" alt=\"\" class=\"wp-image-13387\" srcset=\"https:\/\/minaguas.gob.ve\/wp-content\/uploads\/2026\/01\/WhatsApp-Image-2026-01-26-at-11.40.03-AM.jpeg 1024w, https:\/\/minaguas.gob.ve\/wp-content\/uploads\/2026\/01\/WhatsApp-Image-2026-01-26-at-11.40.03-AM-300x225.jpeg 300w, https:\/\/minaguas.gob.ve\/wp-content\/uploads\/2026\/01\/WhatsApp-Image-2026-01-26-at-11.40.03-AM-768x576.jpeg 768w\" sizes=\"auto, (max-width: 1024px) 100vw, 1024px\" \/><\/figure>\n\n\n\n<figure class=\"wp-block-image size-large\"><img loading=\"lazy\" decoding=\"async\" width=\"768\" height=\"1024\" data-id=\"13388\" src=\"https:\/\/minaguas.gob.ve\/wp-content\/uploads\/2026\/01\/WhatsApp-Image-2026-01-26-at-11.40.02-AM-1-768x1024.jpeg\" alt=\"\" class=\"wp-image-13388\" srcset=\"https:\/\/minaguas.gob.ve\/wp-content\/uploads\/2026\/01\/WhatsApp-Image-2026-01-26-at-11.40.02-AM-1-768x1024.jpeg 768w, https:\/\/minaguas.gob.ve\/wp-content\/uploads\/2026\/01\/WhatsApp-Image-2026-01-26-at-11.40.02-AM-1-225x300.jpeg 225w, https:\/\/minaguas.gob.ve\/wp-content\/uploads\/2026\/01\/WhatsApp-Image-2026-01-26-at-11.40.02-AM-1.jpeg 810w\" sizes=\"auto, (max-width: 768px) 100vw, 768px\" \/><\/figure>\n\n\n\n<figure class=\"wp-block-image size-large\"><img loading=\"lazy\" decoding=\"async\" width=\"530\" height=\"1024\" data-id=\"13386\" src=\"https:\/\/minaguas.gob.ve\/wp-content\/uploads\/2026\/01\/WhatsApp-Image-2026-01-26-at-11.40.02-AM-530x1024.jpeg\" alt=\"\" class=\"wp-image-13386\" srcset=\"https:\/\/minaguas.gob.ve\/wp-content\/uploads\/2026\/01\/WhatsApp-Image-2026-01-26-at-11.40.02-AM-530x1024.jpeg 530w, https:\/\/minaguas.gob.ve\/wp-content\/uploads\/2026\/01\/WhatsApp-Image-2026-01-26-at-11.40.02-AM-155x300.jpeg 155w, https:\/\/minaguas.gob.ve\/wp-content\/uploads\/2026\/01\/WhatsApp-Image-2026-01-26-at-11.40.02-AM.jpeg 559w\" sizes=\"auto, (max-width: 530px) 100vw, 530px\" \/><\/figure>\n<\/figure>\n","protected":false},"excerpt":{"rendered":"<p>Con este trabajo optimizan el sistema de saneamiento en Cuman\u00e1, garantizando una respuesta inmediata a m\u00e1s de 2.500 familias en el estado Sucre (Prensa Ministerio de las Aguas 26\/01\/2026).- En un despliegue de atenci\u00f3n directa a los servicios p\u00fablicos, el Ministerio del Poder Popular de las Aguas, ejecutado por la fuerza trabajadora de HidroCaribe, culmin\u00f3 [&hellip;]<\/p>\n","protected":false},"author":28,"featured_media":13382,"comment_status":"open","ping_status":"open","sticky":false,"template":"","format":"standard","meta":{"footnotes":""},"categories":[1],"tags":[42,8,24,45],"class_list":["post-13381","post","type-post","status-publish","format-standard","has-post-thumbnail","hentry","category-noticias","tag-agua-potable","tag-nacionales","tag-pueblo-trabajador-del-agua","tag-regionales"],"_links":{"self":[{"href":"https:\/\/minaguas.gob.ve\/index.php?rest_route=\/wp\/v2\/posts\/13381","targetHints":{"allow":["GET"]}}],"collection":[{"href":"https:\/\/minaguas.gob.ve\/index.php?rest_route=\/wp\/v2\/posts"}],"about":[{"href":"https:\/\/minaguas.gob.ve\/index.php?rest_route=\/wp\/v2\/types\/post"}],"author":[{"embeddable":true,"href":"https:\/\/minaguas.gob.ve\/index.php?rest_route=\/wp\/v2\/users\/28"}],"replies":[{"embeddable":true,"href":"https:\/\/minaguas.gob.ve\/index.php?rest_route=%2Fwp%2Fv2%2Fcomments&post=13381"}],"version-history":[{"count":0,"href":"https:\/\/minaguas.gob.ve\/index.php?rest_route=\/wp\/v2\/posts\/13381\/revisions"}],"wp:featuredmedia":[{"embeddable":true,"href":"https:\/\/minaguas.gob.ve\/index.php?rest_route=\/wp\/v2\/media\/13382"}],"wp:attachment":[{"href":"https:\/\/minaguas.gob.ve\/index.php?rest_route=%2Fwp%2Fv2%2Fmedia&parent=13381"}],"wp:term":[{"taxonomy":"category","embeddable":true,"href":"https:\/\/minaguas.gob.ve\/index.php?rest_route=%2Fwp%2Fv2%2Fcategories&post=13381"},{"taxonomy":"post_tag","embeddable":true,"href":"https:\/\/minaguas.gob.ve\/index.php?rest_route=%2Fwp%2Fv2%2Ftags&post=13381"}],"curies":[{"name":"wp","href":"https:\/\/api.w.org\/{rel}","templated":true}]}}