{"id":13371,"date":"2026-01-26T10:13:39","date_gmt":"2026-01-26T14:13:39","guid":{"rendered":"https:\/\/minaguas.gob.ve\/?p=13371"},"modified":"2026-01-26T10:33:56","modified_gmt":"2026-01-26T14:33:56","slug":"hidrodelta-instala-motor-vertical-de-100-hp-en-planta-potabilizadora-n2","status":"publish","type":"post","link":"https:\/\/minaguas.gob.ve\/?p=13371","title":{"rendered":"Hidrodelta instala motor vertical de 100 HP en planta potabilizadora N\u00b02"},"content":{"rendered":"\n<p><em>Con estos trabajos se garantizan 100 L\/S en la red de distribuci\u00f3n, en atenci\u00f3n a m\u00e1s de 6.556 habitantes del municipio Tucupita<\/em><\/p>\n\n\n\n<p><strong>(Prensa Ministerio de las Aguas 26\/01\/26).\u2013<\/strong> El Gobierno Bolivariano a trav\u00e9s del Ministerio del Poder Popular de las Aguas (MinAguas) en el estado Delta Amacuro, realiz\u00f3 instalaci\u00f3n y puesta en marcha de un motor vertical de 100 HP en la planta potabilizadora N\u00b02 del municipio Tucupita, ubicada en la parroquia Antonio Jos\u00e9 de Sucre.<\/p>\n\n\n\n<p>Estos trabajos fueron ejecutados con la intenci\u00f3n de lograr una mejor distribuci\u00f3n, presi\u00f3n y abastecimiento a las comunidades m\u00e1s lejanas recuperando un caudal de 100 L\/S para las distintas parroquias que son atendidas por esta planta de agua como lo son: San Jos\u00e9, Jos\u00e9 Vidal Marcano, Antonio Jos\u00e9 de Sucre, Leonardo Ru\u00edz Pineda y parte de San Rafael.<br><br>Al respecto, el Jefe de Operaciones de Hidrodelta, Lic. Jes\u00fas Sagaray, expres\u00f3: \u00abGracias a la Presidenta (E) Delcy Rodr\u00edguez y a nuestro Presidente Nicol\u00e1s Maduro, est\u00e1s mejoras al pueblo son posibles y nos permiten dar un mejor servicio de agua potable a m\u00e1s de 6.556 habitantes del estado delta Amacuro.<\/p>\n\n\n\n<p>De esta manera, el <strong>Gobierno Bolivariano<\/strong> reafirma su compromiso con el fortalecimiento de los servicios p\u00fablicos, cumpliendo con el Plan de Recuperaci\u00f3n del Sistema H\u00eddrico Nacional. Estas acciones no solo garantizan el acceso al vital l\u00edquido, sino que tambi\u00e9n consolidan la protecci\u00f3n social del pueblo deltano a trav\u00e9s de la gesti\u00f3n directa de <strong>MinAguas<\/strong>.<\/p>\n\n\n\n<figure class=\"wp-block-gallery has-nested-images columns-default is-cropped wp-block-gallery-1 is-layout-flex wp-block-gallery-is-layout-flex\">\n<figure class=\"wp-block-image size-large\"><img loading=\"lazy\" decoding=\"async\" width=\"1024\" height=\"768\" data-id=\"13373\" src=\"https:\/\/minaguas.gob.ve\/wp-content\/uploads\/2026\/01\/WhatsApp-Image-2026-01-24-at-5.14.55-PM-1-1024x768.jpeg\" alt=\"\" class=\"wp-image-13373\" srcset=\"https:\/\/minaguas.gob.ve\/wp-content\/uploads\/2026\/01\/WhatsApp-Image-2026-01-24-at-5.14.55-PM-1-1024x768.jpeg 1024w, https:\/\/minaguas.gob.ve\/wp-content\/uploads\/2026\/01\/WhatsApp-Image-2026-01-24-at-5.14.55-PM-1-300x225.jpeg 300w, https:\/\/minaguas.gob.ve\/wp-content\/uploads\/2026\/01\/WhatsApp-Image-2026-01-24-at-5.14.55-PM-1-768x576.jpeg 768w, https:\/\/minaguas.gob.ve\/wp-content\/uploads\/2026\/01\/WhatsApp-Image-2026-01-24-at-5.14.55-PM-1.jpeg 1080w\" sizes=\"auto, (max-width: 1024px) 100vw, 1024px\" \/><\/figure>\n\n\n\n<figure class=\"wp-block-image size-large\"><img loading=\"lazy\" decoding=\"async\" width=\"1024\" height=\"768\" data-id=\"13375\" src=\"https:\/\/minaguas.gob.ve\/wp-content\/uploads\/2026\/01\/WhatsApp-Image-2026-01-24-at-5.14.53-PM-1024x768.jpeg\" alt=\"\" class=\"wp-image-13375\" srcset=\"https:\/\/minaguas.gob.ve\/wp-content\/uploads\/2026\/01\/WhatsApp-Image-2026-01-24-at-5.14.53-PM-1024x768.jpeg 1024w, https:\/\/minaguas.gob.ve\/wp-content\/uploads\/2026\/01\/WhatsApp-Image-2026-01-24-at-5.14.53-PM-300x225.jpeg 300w, https:\/\/minaguas.gob.ve\/wp-content\/uploads\/2026\/01\/WhatsApp-Image-2026-01-24-at-5.14.53-PM-768x576.jpeg 768w, https:\/\/minaguas.gob.ve\/wp-content\/uploads\/2026\/01\/WhatsApp-Image-2026-01-24-at-5.14.53-PM.jpeg 1080w\" sizes=\"auto, (max-width: 1024px) 100vw, 1024px\" \/><\/figure>\n\n\n\n<figure class=\"wp-block-image size-large\"><img loading=\"lazy\" decoding=\"async\" width=\"1024\" height=\"768\" data-id=\"13376\" src=\"https:\/\/minaguas.gob.ve\/wp-content\/uploads\/2026\/01\/WhatsApp-Image-2026-01-24-at-5.14.52-PM-1024x768.jpeg\" alt=\"\" class=\"wp-image-13376\" srcset=\"https:\/\/minaguas.gob.ve\/wp-content\/uploads\/2026\/01\/WhatsApp-Image-2026-01-24-at-5.14.52-PM-1024x768.jpeg 1024w, https:\/\/minaguas.gob.ve\/wp-content\/uploads\/2026\/01\/WhatsApp-Image-2026-01-24-at-5.14.52-PM-300x225.jpeg 300w, https:\/\/minaguas.gob.ve\/wp-content\/uploads\/2026\/01\/WhatsApp-Image-2026-01-24-at-5.14.52-PM-768x576.jpeg 768w, https:\/\/minaguas.gob.ve\/wp-content\/uploads\/2026\/01\/WhatsApp-Image-2026-01-24-at-5.14.52-PM.jpeg 1080w\" sizes=\"auto, (max-width: 1024px) 100vw, 1024px\" \/><\/figure>\n<\/figure>\n\n\n\n<figure class=\"wp-block-image size-large\"><img loading=\"lazy\" decoding=\"async\" width=\"1024\" height=\"768\" src=\"https:\/\/minaguas.gob.ve\/wp-content\/uploads\/2026\/01\/WhatsApp-Image-2026-01-24-at-5.14.54-PM-1-1024x768.jpeg\" alt=\"\" class=\"wp-image-13379\" srcset=\"https:\/\/minaguas.gob.ve\/wp-content\/uploads\/2026\/01\/WhatsApp-Image-2026-01-24-at-5.14.54-PM-1-1024x768.jpeg 1024w, https:\/\/minaguas.gob.ve\/wp-content\/uploads\/2026\/01\/WhatsApp-Image-2026-01-24-at-5.14.54-PM-1-300x225.jpeg 300w, https:\/\/minaguas.gob.ve\/wp-content\/uploads\/2026\/01\/WhatsApp-Image-2026-01-24-at-5.14.54-PM-1-768x576.jpeg 768w, https:\/\/minaguas.gob.ve\/wp-content\/uploads\/2026\/01\/WhatsApp-Image-2026-01-24-at-5.14.54-PM-1.jpeg 1080w\" sizes=\"auto, (max-width: 1024px) 100vw, 1024px\" \/><\/figure>\n","protected":false},"excerpt":{"rendered":"<p>Con estos trabajos se garantizan 100 L\/S en la red de distribuci\u00f3n, en atenci\u00f3n a m\u00e1s de 6.556 habitantes del municipio Tucupita (Prensa Ministerio de las Aguas 26\/01\/26).\u2013 El Gobierno Bolivariano a trav\u00e9s del Ministerio del Poder Popular de las Aguas (MinAguas) en el estado Delta Amacuro, realiz\u00f3 instalaci\u00f3n y puesta en marcha de un [&hellip;]<\/p>\n","protected":false},"author":28,"featured_media":13374,"comment_status":"open","ping_status":"open","sticky":false,"template":"","format":"standard","meta":{"footnotes":""},"categories":[1],"tags":[8,24,45],"class_list":["post-13371","post","type-post","status-publish","format-standard","has-post-thumbnail","hentry","category-noticias","tag-nacionales","tag-pueblo-trabajador-del-agua","tag-regionales"],"_links":{"self":[{"href":"https:\/\/minaguas.gob.ve\/index.php?rest_route=\/wp\/v2\/posts\/13371","targetHints":{"allow":["GET"]}}],"collection":[{"href":"https:\/\/minaguas.gob.ve\/index.php?rest_route=\/wp\/v2\/posts"}],"about":[{"href":"https:\/\/minaguas.gob.ve\/index.php?rest_route=\/wp\/v2\/types\/post"}],"author":[{"embeddable":true,"href":"https:\/\/minaguas.gob.ve\/index.php?rest_route=\/wp\/v2\/users\/28"}],"replies":[{"embeddable":true,"href":"https:\/\/minaguas.gob.ve\/index.php?rest_route=%2Fwp%2Fv2%2Fcomments&post=13371"}],"version-history":[{"count":0,"href":"https:\/\/minaguas.gob.ve\/index.php?rest_route=\/wp\/v2\/posts\/13371\/revisions"}],"wp:featuredmedia":[{"embeddable":true,"href":"https:\/\/minaguas.gob.ve\/index.php?rest_route=\/wp\/v2\/media\/13374"}],"wp:attachment":[{"href":"https:\/\/minaguas.gob.ve\/index.php?rest_route=%2Fwp%2Fv2%2Fmedia&parent=13371"}],"wp:term":[{"taxonomy":"category","embeddable":true,"href":"https:\/\/minaguas.gob.ve\/index.php?rest_route=%2Fwp%2Fv2%2Fcategories&post=13371"},{"taxonomy":"post_tag","embeddable":true,"href":"https:\/\/minaguas.gob.ve\/index.php?rest_route=%2Fwp%2Fv2%2Ftags&post=13371"}],"curies":[{"name":"wp","href":"https:\/\/api.w.org\/{rel}","templated":true}]}}