{"id":13363,"date":"2026-01-23T22:46:11","date_gmt":"2026-01-24T02:46:11","guid":{"rendered":"https:\/\/minaguas.gob.ve\/?p=13363"},"modified":"2026-01-23T22:46:11","modified_gmt":"2026-01-24T02:46:11","slug":"hidrocapital-y-poder-popular-sustituyen-mas-de-1-200-metros-de-tuberia-en-el-sector-guaicoco-de-petare","status":"publish","type":"post","link":"https:\/\/minaguas.gob.ve\/?p=13363","title":{"rendered":"Hidrocapital y Poder Popular sustituyen m\u00e1s de 1.200 metros de tuber\u00eda en el sector Guaicoco de Petare"},"content":{"rendered":"\n<p>El proyecto, elegido por la comunidad en la Consulta Popular Nacional, garantiza el suministro directo de agua potable a 282 familias del estado Miranda<\/p>\n\n\n\n<p>(Prensa Ministerio de las Aguas &#8211; 23\/01\/26).\u2013 En un despliegue de articulaci\u00f3n perfecta entre el Gobierno Bolivariano y el Poder Popular, el Ministerio de las Aguas, culmin\u00f3 con \u00e9xito la sustituci\u00f3n de 1.260 metros de tuber\u00eda en el sector Guaicoco, parroquia Petare del municipio Sucre. Esta obra de envergadura t\u00e9cnica permite estabilizar y garantizar la continuidad del servicio h\u00eddrico para el bienestar de 282 familias de la zona.<\/p>\n\n\n\n<p>Este proyecto tiene un valor estrat\u00e9gico significativo, ya que fue priorizado por los propios habitantes durante la Consulta Popular Nacional del a\u00f1o pasado. La ejecuci\u00f3n en tiempo r\u00e9cord demuestra la efectividad de la democracia directa y protag\u00f3nica, donde el pueblo identifica sus necesidades y el Estado facilita las herramientas para su soluci\u00f3n inmediata.<\/p>\n\n\n\n<p>Los trabajos contaron con el acompa\u00f1amiento y la asesor\u00eda t\u00e9cnica constante de la Fuerza Trabajadora del Agua en la regi\u00f3n capital, quienes se mantuvieron desplegados junto a los vecinos de la Comuna Doctor Jacinto Convit en cada fase de la obra, asegurando est\u00e1ndares de calidad en la infraestructura instalada.<\/p>\n\n\n\n<p>La vocera ejecutiva de la comuna, Sandra Mart\u00ednez, manifest\u00f3 la satisfacci\u00f3n del sector ante el logro alcanzado: \u201cLa comunidad est\u00e1 muy emocionada; esto solo es posible gracias a las pol\u00edticas que impuls\u00f3 nuestro presidente Nicol\u00e1s Maduro y que ahora fortalece y lleva adelante la presidenta encargada Delcy Rodr\u00edguez\u201d.<\/p>\n\n\n\n<p>La l\u00edder comunitaria destac\u00f3 que la presencia permanente de los t\u00e9cnicos de Hidrocapital fue clave para cumplir con los lapsos establecidos y transformar la realidad h\u00eddrica de Guaicoco.<\/p>\n\n\n\n<p>Con la entrega de esta obra, el Ministerio del Poder Popular de las Aguas, a trav\u00e9s de Hidrocapital, reafirma su compromiso con el fortalecimiento de los servicios p\u00fablicos. Este logro no solo optimiza la distribuci\u00f3n del recurso vital, sino que consolida el modelo de empoderamiento popular, garantizando el derecho al agua y elevando la calidad de vida en los sectores m\u00e1s populares de la entidad mirandina.<\/p>\n\n\n\n<figure class=\"wp-block-gallery has-nested-images columns-default is-cropped wp-block-gallery-1 is-layout-flex wp-block-gallery-is-layout-flex\">\n<figure class=\"wp-block-image size-large\"><img loading=\"lazy\" decoding=\"async\" width=\"1024\" height=\"768\" data-id=\"13365\" src=\"https:\/\/minaguas.gob.ve\/wp-content\/uploads\/2026\/01\/WhatsApp-Image-2026-01-23-at-7.10.32-PM-2-1024x768.jpeg\" alt=\"\" class=\"wp-image-13365\" srcset=\"https:\/\/minaguas.gob.ve\/wp-content\/uploads\/2026\/01\/WhatsApp-Image-2026-01-23-at-7.10.32-PM-2-1024x768.jpeg 1024w, https:\/\/minaguas.gob.ve\/wp-content\/uploads\/2026\/01\/WhatsApp-Image-2026-01-23-at-7.10.32-PM-2-300x225.jpeg 300w, https:\/\/minaguas.gob.ve\/wp-content\/uploads\/2026\/01\/WhatsApp-Image-2026-01-23-at-7.10.32-PM-2-768x576.jpeg 768w, https:\/\/minaguas.gob.ve\/wp-content\/uploads\/2026\/01\/WhatsApp-Image-2026-01-23-at-7.10.32-PM-2.jpeg 1080w\" sizes=\"auto, (max-width: 1024px) 100vw, 1024px\" \/><\/figure>\n\n\n\n<figure class=\"wp-block-image size-large\"><img loading=\"lazy\" decoding=\"async\" width=\"1024\" height=\"768\" data-id=\"13368\" src=\"https:\/\/minaguas.gob.ve\/wp-content\/uploads\/2026\/01\/WhatsApp-Image-2026-01-23-at-7.10.32-PM-1-1024x768.jpeg\" alt=\"\" class=\"wp-image-13368\" srcset=\"https:\/\/minaguas.gob.ve\/wp-content\/uploads\/2026\/01\/WhatsApp-Image-2026-01-23-at-7.10.32-PM-1-1024x768.jpeg 1024w, https:\/\/minaguas.gob.ve\/wp-content\/uploads\/2026\/01\/WhatsApp-Image-2026-01-23-at-7.10.32-PM-1-300x225.jpeg 300w, https:\/\/minaguas.gob.ve\/wp-content\/uploads\/2026\/01\/WhatsApp-Image-2026-01-23-at-7.10.32-PM-1-768x576.jpeg 768w, https:\/\/minaguas.gob.ve\/wp-content\/uploads\/2026\/01\/WhatsApp-Image-2026-01-23-at-7.10.32-PM-1.jpeg 1080w\" sizes=\"auto, (max-width: 1024px) 100vw, 1024px\" \/><\/figure>\n\n\n\n<figure class=\"wp-block-image size-large\"><img loading=\"lazy\" decoding=\"async\" width=\"1024\" height=\"768\" data-id=\"13367\" src=\"https:\/\/minaguas.gob.ve\/wp-content\/uploads\/2026\/01\/WhatsApp-Image-2026-01-23-at-7.10.31-PM-2-1024x768.jpeg\" alt=\"\" class=\"wp-image-13367\" srcset=\"https:\/\/minaguas.gob.ve\/wp-content\/uploads\/2026\/01\/WhatsApp-Image-2026-01-23-at-7.10.31-PM-2-1024x768.jpeg 1024w, https:\/\/minaguas.gob.ve\/wp-content\/uploads\/2026\/01\/WhatsApp-Image-2026-01-23-at-7.10.31-PM-2-300x225.jpeg 300w, https:\/\/minaguas.gob.ve\/wp-content\/uploads\/2026\/01\/WhatsApp-Image-2026-01-23-at-7.10.31-PM-2-768x576.jpeg 768w, https:\/\/minaguas.gob.ve\/wp-content\/uploads\/2026\/01\/WhatsApp-Image-2026-01-23-at-7.10.31-PM-2.jpeg 1080w\" sizes=\"auto, (max-width: 1024px) 100vw, 1024px\" \/><\/figure>\n\n\n\n<figure class=\"wp-block-image size-large\"><img loading=\"lazy\" decoding=\"async\" width=\"1024\" height=\"768\" data-id=\"13366\" src=\"https:\/\/minaguas.gob.ve\/wp-content\/uploads\/2026\/01\/WhatsApp-Image-2026-01-23-at-7.10.31-PM-1-1024x768.jpeg\" alt=\"\" class=\"wp-image-13366\" srcset=\"https:\/\/minaguas.gob.ve\/wp-content\/uploads\/2026\/01\/WhatsApp-Image-2026-01-23-at-7.10.31-PM-1-1024x768.jpeg 1024w, https:\/\/minaguas.gob.ve\/wp-content\/uploads\/2026\/01\/WhatsApp-Image-2026-01-23-at-7.10.31-PM-1-300x225.jpeg 300w, https:\/\/minaguas.gob.ve\/wp-content\/uploads\/2026\/01\/WhatsApp-Image-2026-01-23-at-7.10.31-PM-1-768x576.jpeg 768w, https:\/\/minaguas.gob.ve\/wp-content\/uploads\/2026\/01\/WhatsApp-Image-2026-01-23-at-7.10.31-PM-1.jpeg 1080w\" sizes=\"auto, (max-width: 1024px) 100vw, 1024px\" \/><\/figure>\n\n\n\n<figure class=\"wp-block-image size-large\"><img loading=\"lazy\" decoding=\"async\" width=\"1024\" height=\"768\" data-id=\"13369\" src=\"https:\/\/minaguas.gob.ve\/wp-content\/uploads\/2026\/01\/WhatsApp-Image-2026-01-23-at-7.10.31-PM-1024x768.jpeg\" alt=\"\" class=\"wp-image-13369\" srcset=\"https:\/\/minaguas.gob.ve\/wp-content\/uploads\/2026\/01\/WhatsApp-Image-2026-01-23-at-7.10.31-PM-1024x768.jpeg 1024w, https:\/\/minaguas.gob.ve\/wp-content\/uploads\/2026\/01\/WhatsApp-Image-2026-01-23-at-7.10.31-PM-300x225.jpeg 300w, https:\/\/minaguas.gob.ve\/wp-content\/uploads\/2026\/01\/WhatsApp-Image-2026-01-23-at-7.10.31-PM-768x576.jpeg 768w, https:\/\/minaguas.gob.ve\/wp-content\/uploads\/2026\/01\/WhatsApp-Image-2026-01-23-at-7.10.31-PM.jpeg 1080w\" sizes=\"auto, (max-width: 1024px) 100vw, 1024px\" \/><\/figure>\n<\/figure>\n","protected":false},"excerpt":{"rendered":"<p>El proyecto, elegido por la comunidad en la Consulta Popular Nacional, garantiza el suministro directo de agua potable a 282 familias del estado Miranda (Prensa Ministerio de las Aguas &#8211; 23\/01\/26).\u2013 En un despliegue de articulaci\u00f3n perfecta entre el Gobierno Bolivariano y el Poder Popular, el Ministerio de las Aguas, culmin\u00f3 con \u00e9xito la sustituci\u00f3n [&hellip;]<\/p>\n","protected":false},"author":28,"featured_media":13364,"comment_status":"open","ping_status":"open","sticky":false,"template":"","format":"standard","meta":{"footnotes":""},"categories":[1],"tags":[42,8,24],"class_list":["post-13363","post","type-post","status-publish","format-standard","has-post-thumbnail","hentry","category-noticias","tag-agua-potable","tag-nacionales","tag-pueblo-trabajador-del-agua"],"_links":{"self":[{"href":"https:\/\/minaguas.gob.ve\/index.php?rest_route=\/wp\/v2\/posts\/13363","targetHints":{"allow":["GET"]}}],"collection":[{"href":"https:\/\/minaguas.gob.ve\/index.php?rest_route=\/wp\/v2\/posts"}],"about":[{"href":"https:\/\/minaguas.gob.ve\/index.php?rest_route=\/wp\/v2\/types\/post"}],"author":[{"embeddable":true,"href":"https:\/\/minaguas.gob.ve\/index.php?rest_route=\/wp\/v2\/users\/28"}],"replies":[{"embeddable":true,"href":"https:\/\/minaguas.gob.ve\/index.php?rest_route=%2Fwp%2Fv2%2Fcomments&post=13363"}],"version-history":[{"count":0,"href":"https:\/\/minaguas.gob.ve\/index.php?rest_route=\/wp\/v2\/posts\/13363\/revisions"}],"wp:featuredmedia":[{"embeddable":true,"href":"https:\/\/minaguas.gob.ve\/index.php?rest_route=\/wp\/v2\/media\/13364"}],"wp:attachment":[{"href":"https:\/\/minaguas.gob.ve\/index.php?rest_route=%2Fwp%2Fv2%2Fmedia&parent=13363"}],"wp:term":[{"taxonomy":"category","embeddable":true,"href":"https:\/\/minaguas.gob.ve\/index.php?rest_route=%2Fwp%2Fv2%2Fcategories&post=13363"},{"taxonomy":"post_tag","embeddable":true,"href":"https:\/\/minaguas.gob.ve\/index.php?rest_route=%2Fwp%2Fv2%2Ftags&post=13363"}],"curies":[{"name":"wp","href":"https:\/\/api.w.org\/{rel}","templated":true}]}}