{"id":12910,"date":"2025-10-24T13:12:08","date_gmt":"2025-10-24T17:12:08","guid":{"rendered":"https:\/\/minaguas.gob.ve\/?p=12910"},"modified":"2025-10-24T13:16:51","modified_gmt":"2025-10-24T17:16:51","slug":"activacion-de-cinco-pozos-garantiza-agua-potable-a-29-000-yaracuyanos","status":"publish","type":"post","link":"https:\/\/minaguas.gob.ve\/?p=12910","title":{"rendered":"Activaci\u00f3n de cinco pozos garantiza agua potable a 29.000 yaracuyanos"},"content":{"rendered":"\n<p>El Gobierno Nacional, en articulaci\u00f3n con el Poder Popular, activ\u00f3 cinco pozos profundos que aseguran un caudal de 80 litros por segundo<\/p>\n\n\n\n<p><strong>(Prensa Ministerio de las Aguas &#8211; 24-10-2025).-<\/strong> Reflejando el compromiso con el bienestar y la eficiencia de los servicios p\u00fablicos, el Ministerio del Poder Popular de las Aguas en Yaracuy concret\u00f3 la activaci\u00f3n de cinco pozos profundos en el municipio Pe\u00f1a, importante obra que garantiza la distribuci\u00f3n del agua potable por tuber\u00eda a 29.000 habitantes, como resultado directo de la escucha activa y la acci\u00f3n mancomunada entre el Estado y el Poder Popular.<\/p>\n\n\n\n<p>La activaci\u00f3n se llev\u00f3 a cabo en los sectores Las Velas, Cujizal, Urmiquire, Saruro y Ca\u00f1averal 6. Esta acci\u00f3n forma parte de las pol\u00edticas en materia de servicios del presidente Nicol\u00e1s Maduro, enmarcadas en la segunda transformaci\u00f3n del Plan de la Patria 2025-2031, que impulsa la visi\u00f3n de \u00abCiudades m\u00e1s Humanas con servicios p\u00fablicos eficientes\u00bb.<\/p>\n\n\n\n<p>Los trabajos t\u00e9cnicos, ejecutados por especialistas del ente h\u00eddrico, consistieron en la instalaci\u00f3n de motores y bombas de 20, 30 y 60 hp, intervenci\u00f3n de ingenier\u00eda que asegura un caudal robusto de 80 litros por segundo, impactando de manera positiva y estable en 11 Circuitos Comunales de la entidad.<\/p>\n\n\n\n<p>Para la habitante del sector Yumarito, Taili Pacheco, ver materializada la promesa hecha al pueblo con la puesta en funcionamiento de estos pozos, significa m\u00e1s que un anuncio en un papel. \u201cEs agua que llega a nuestros hogares, agradecemos al Ejecutivo nacional y regional, pero sobre todo, nos sentimos orgullosos de ser parte de un Gobierno que cumple con su gente\u201d, acot\u00f3.<\/p>\n\n\n\n<p>De igual forma, El\u00edas Mendoza, del sector Cujizal, destac\u00f3 el car\u00e1cter democr\u00e1tico de la gesti\u00f3n: \u201cEsta obra es un logro para la comunidad y un claro ejemplo de democracia, en donde las familias son atendidas para generar un impacto positivo tangible en la vida de las personas\u201d.<\/p>\n\n\n\n<p>Con la activaci\u00f3n de estos cinco pozos, el Gobierno Bolivariano reafirma su despliegue permanente en el territorio, demostrando que cada pozo activado es un acto de justicia social. Cada litro de agua que ahora fluye hacia 29.000 personas es un triunfo colectivo que no solo refuerza la independencia h\u00eddrica, sino que tambi\u00e9n contribuye directamente a la felicidad y calidad de vida del pueblo yaracuyano.<\/p>\n\n\n\n<figure class=\"wp-block-gallery has-nested-images columns-default is-cropped wp-block-gallery-1 is-layout-flex wp-block-gallery-is-layout-flex\">\n<figure class=\"wp-block-image size-full\"><img loading=\"lazy\" decoding=\"async\" width=\"1024\" height=\"768\" data-id=\"12913\" src=\"https:\/\/minaguas.gob.ve\/wp-content\/uploads\/2025\/10\/WhatsApp-Image-2025-10-24-at-12.35.25-PM-1.jpeg\" alt=\"\" class=\"wp-image-12913\"\/><\/figure>\n\n\n\n<figure class=\"wp-block-image size-full\"><img loading=\"lazy\" decoding=\"async\" width=\"810\" height=\"1080\" data-id=\"12914\" src=\"https:\/\/minaguas.gob.ve\/wp-content\/uploads\/2025\/10\/WhatsApp-Image-2025-10-24-at-12.35.25-PM.jpeg\" alt=\"\" class=\"wp-image-12914\"\/><\/figure>\n\n\n\n<figure class=\"wp-block-image size-full\"><img loading=\"lazy\" decoding=\"async\" width=\"1080\" height=\"810\" data-id=\"12912\" src=\"https:\/\/minaguas.gob.ve\/wp-content\/uploads\/2025\/10\/WhatsApp-Image-2025-10-24-at-12.35.24-PM-1.jpeg\" alt=\"\" class=\"wp-image-12912\"\/><\/figure>\n\n\n\n<figure class=\"wp-block-image size-full\"><img loading=\"lazy\" decoding=\"async\" width=\"540\" height=\"960\" data-id=\"12915\" src=\"https:\/\/minaguas.gob.ve\/wp-content\/uploads\/2025\/10\/WhatsApp-Image-2025-10-24-at-12.35.24-PM.jpeg\" alt=\"\" class=\"wp-image-12915\"\/><\/figure>\n<\/figure>\n","protected":false},"excerpt":{"rendered":"<p>El Gobierno Nacional, en articulaci\u00f3n con el Poder Popular, activ\u00f3 cinco pozos profundos que aseguran un caudal de 80 litros por segundo (Prensa Ministerio de las Aguas &#8211; 24-10-2025).- Reflejando el compromiso con el bienestar y la eficiencia de los servicios p\u00fablicos, el Ministerio del Poder Popular de las Aguas en Yaracuy concret\u00f3 la activaci\u00f3n [&hellip;]<\/p>\n","protected":false},"author":28,"featured_media":12911,"comment_status":"open","ping_status":"open","sticky":false,"template":"","format":"standard","meta":{"footnotes":""},"categories":[1],"tags":[42,8,24,45],"class_list":["post-12910","post","type-post","status-publish","format-standard","has-post-thumbnail","hentry","category-noticias","tag-agua-potable","tag-nacionales","tag-pueblo-trabajador-del-agua","tag-regionales"],"_links":{"self":[{"href":"https:\/\/minaguas.gob.ve\/index.php?rest_route=\/wp\/v2\/posts\/12910","targetHints":{"allow":["GET"]}}],"collection":[{"href":"https:\/\/minaguas.gob.ve\/index.php?rest_route=\/wp\/v2\/posts"}],"about":[{"href":"https:\/\/minaguas.gob.ve\/index.php?rest_route=\/wp\/v2\/types\/post"}],"author":[{"embeddable":true,"href":"https:\/\/minaguas.gob.ve\/index.php?rest_route=\/wp\/v2\/users\/28"}],"replies":[{"embeddable":true,"href":"https:\/\/minaguas.gob.ve\/index.php?rest_route=%2Fwp%2Fv2%2Fcomments&post=12910"}],"version-history":[{"count":0,"href":"https:\/\/minaguas.gob.ve\/index.php?rest_route=\/wp\/v2\/posts\/12910\/revisions"}],"wp:featuredmedia":[{"embeddable":true,"href":"https:\/\/minaguas.gob.ve\/index.php?rest_route=\/wp\/v2\/media\/12911"}],"wp:attachment":[{"href":"https:\/\/minaguas.gob.ve\/index.php?rest_route=%2Fwp%2Fv2%2Fmedia&parent=12910"}],"wp:term":[{"taxonomy":"category","embeddable":true,"href":"https:\/\/minaguas.gob.ve\/index.php?rest_route=%2Fwp%2Fv2%2Fcategories&post=12910"},{"taxonomy":"post_tag","embeddable":true,"href":"https:\/\/minaguas.gob.ve\/index.php?rest_route=%2Fwp%2Fv2%2Ftags&post=12910"}],"curies":[{"name":"wp","href":"https:\/\/api.w.org\/{rel}","templated":true}]}}