{"id":12705,"date":"2025-09-10T19:07:43","date_gmt":"2025-09-10T23:07:43","guid":{"rendered":"https:\/\/minaguas.gob.ve\/?p=12705"},"modified":"2025-09-10T19:07:43","modified_gmt":"2025-09-10T23:07:43","slug":"gobierno-bolivariano-y-alcaldias-evaluan-agenda-concreta-de-accion-aca-para-fortalecer-el-servicio-de-agua-en-el-estado-miranda","status":"publish","type":"post","link":"https:\/\/minaguas.gob.ve\/?p=12705","title":{"rendered":"Gobierno Bolivariano y alcald\u00edas eval\u00faan Agenda Concreta de Acci\u00f3n (ACA) para fortalecer el servicio de agua en el estado Miranda"},"content":{"rendered":"\n<p><em>En el marco de la 2 Transformaci\u00f3n de las Ciudades Humanas para el Buen Vivir, Servicios P\u00fablicos e Infraestructura se re\u00fanen representantes del Gobierno Nacional, Regional y Local para la atenci\u00f3n de los habitantes de varios municipios del Estado Miranda en materia de agua potable y saneamiento<\/em><\/p>\n\n\n\n<p><strong>(Prensa Hidrocapital 10-09-2025).- <\/strong>El Gobierno Bolivariano a trav\u00e9s del Ministerio del Poder Popular de las Aguas y la Gobernaci\u00f3n del Estado Bolivariano de Miranda, encabez\u00f3 una reuni\u00f3n con los alcaldes y representantes de los municipios Sucre, Chacao, Baruta y El Hatillo, con el fin de afinar estrategias que permitan continuar optimizando el servicio de agua potable y saneamiento en la entidad.<\/p>\n\n\n\n<p>El encuentro se llev\u00f3 a cabo en la Planta Potabilizadora Ciudad Caracas \u00abLa Guairita\u00bb, jornada en la que se elabor\u00f3 una Agenda Concreta de Acci\u00f3n para consolidar las mejoras en el servicio de agua potable y saneamiento en los municipios antes mencionados.<\/p>\n\n\n\n<p>Es importante destacar que esta actividad, se realiza en el marco de un Plan de Atenci\u00f3n territorializado que lleva a cabo el Ministerio del Poder Popular de las Aguas en articulaci\u00f3n con la Gobernaci\u00f3n del Estado Bolivariano de Miranda y todas las alcald\u00edas adscritas.<\/p>\n\n\n\n<p>El ministro del Poder Popular de las Aguas, Ing. Carlos Mast, resalt\u00f3 la importancia de este encuentro, expresando cada uno de los esfuerzos y logros obtenidos en materia de agua potable, detallando las obras y proyectos que avanzan sin contratiempos, gracias a las pol\u00edticas que lleva adelante el Gobierno Bolivariano.<\/p>\n\n\n\n<p>Por su parte, el gobernador Elio Serrano, expres\u00f3 que con esta reuni\u00f3n de trabajo se busca delinear la Agenda Concreta de Acci\u00f3n para priorizar y ejecutar pol\u00edticas que permitan ser m\u00e1s eficientes en el territorio, junto al Pueblo, como garant\u00eda de paz y tranquilidad colectiva.<\/p>\n\n\n\n<p>El Presidente de la Rep\u00fablica Bolivariana de Venezuela, Nicol\u00e1s Maduro Moros, ha sido reiterativo en el llamado a identificar, desde el territorio, los desaf\u00edos y soluciones a los mismos para avanzar en el marco de las 7 Grandes Transformaciones del Plan de la Patria 2025-2031, por la consolidaci\u00f3n del Estado Comunal y por el desarrollo de la Patria.<\/p>\n\n\n\n<figure class=\"wp-block-gallery has-nested-images columns-default is-cropped wp-block-gallery-1 is-layout-flex wp-block-gallery-is-layout-flex\">\n<figure class=\"wp-block-image size-large\"><img loading=\"lazy\" decoding=\"async\" width=\"960\" height=\"640\" data-id=\"12706\" src=\"https:\/\/minaguas.gob.ve\/wp-content\/uploads\/2025\/09\/WhatsApp-Image-2025-09-10-at-6.57.06-PM-4.jpeg\" alt=\"\" class=\"wp-image-12706\"\/><\/figure>\n\n\n\n<figure class=\"wp-block-image size-large\"><img loading=\"lazy\" decoding=\"async\" width=\"960\" height=\"640\" data-id=\"12707\" src=\"https:\/\/minaguas.gob.ve\/wp-content\/uploads\/2025\/09\/WhatsApp-Image-2025-09-10-at-6.57.06-PM-3.jpeg\" alt=\"\" class=\"wp-image-12707\"\/><\/figure>\n\n\n\n<figure class=\"wp-block-image size-large\"><img loading=\"lazy\" decoding=\"async\" width=\"960\" height=\"640\" data-id=\"12708\" src=\"https:\/\/minaguas.gob.ve\/wp-content\/uploads\/2025\/09\/WhatsApp-Image-2025-09-10-at-6.57.06-PM-2.jpeg\" alt=\"\" class=\"wp-image-12708\"\/><\/figure>\n\n\n\n<figure class=\"wp-block-image size-large\"><img loading=\"lazy\" decoding=\"async\" width=\"960\" height=\"640\" data-id=\"12709\" src=\"https:\/\/minaguas.gob.ve\/wp-content\/uploads\/2025\/09\/WhatsApp-Image-2025-09-10-at-6.57.06-PM-1.jpeg\" alt=\"\" class=\"wp-image-12709\"\/><\/figure>\n\n\n\n<figure class=\"wp-block-image size-large\"><img loading=\"lazy\" decoding=\"async\" width=\"1280\" height=\"853\" data-id=\"12710\" src=\"https:\/\/minaguas.gob.ve\/wp-content\/uploads\/2025\/09\/WhatsApp-Image-2025-09-10-at-6.57.06-PM.jpeg\" alt=\"\" class=\"wp-image-12710\"\/><\/figure>\n\n\n\n<figure class=\"wp-block-image size-large\"><img loading=\"lazy\" decoding=\"async\" width=\"1280\" height=\"853\" data-id=\"12713\" src=\"https:\/\/minaguas.gob.ve\/wp-content\/uploads\/2025\/09\/WhatsApp-Image-2025-09-10-at-6.57.05-PM-3.jpeg\" alt=\"\" class=\"wp-image-12713\"\/><\/figure>\n\n\n\n<figure class=\"wp-block-image size-large\"><img loading=\"lazy\" decoding=\"async\" width=\"1280\" height=\"853\" data-id=\"12711\" src=\"https:\/\/minaguas.gob.ve\/wp-content\/uploads\/2025\/09\/WhatsApp-Image-2025-09-10-at-6.57.05-PM-2.jpeg\" alt=\"\" class=\"wp-image-12711\"\/><\/figure>\n\n\n\n<figure class=\"wp-block-image size-large\"><img loading=\"lazy\" decoding=\"async\" width=\"1280\" height=\"853\" data-id=\"12712\" src=\"https:\/\/minaguas.gob.ve\/wp-content\/uploads\/2025\/09\/WhatsApp-Image-2025-09-10-at-6.57.05-PM-1.jpeg\" alt=\"\" class=\"wp-image-12712\"\/><\/figure>\n<\/figure>\n","protected":false},"excerpt":{"rendered":"<p>En el marco de la 2 Transformaci\u00f3n de las Ciudades Humanas para el Buen Vivir, Servicios P\u00fablicos e Infraestructura se re\u00fanen representantes del Gobierno Nacional, Regional y Local para la atenci\u00f3n de los habitantes de varios municipios del Estado Miranda en materia de agua potable y saneamiento (Prensa Hidrocapital 10-09-2025).- El Gobierno Bolivariano a trav\u00e9s [&hellip;]<\/p>\n","protected":false},"author":28,"featured_media":12714,"comment_status":"open","ping_status":"open","sticky":false,"template":"","format":"standard","meta":{"footnotes":""},"categories":[1],"tags":[42,8,24],"class_list":["post-12705","post","type-post","status-publish","format-standard","has-post-thumbnail","hentry","category-noticias","tag-agua-potable","tag-nacionales","tag-pueblo-trabajador-del-agua"],"_links":{"self":[{"href":"https:\/\/minaguas.gob.ve\/index.php?rest_route=\/wp\/v2\/posts\/12705","targetHints":{"allow":["GET"]}}],"collection":[{"href":"https:\/\/minaguas.gob.ve\/index.php?rest_route=\/wp\/v2\/posts"}],"about":[{"href":"https:\/\/minaguas.gob.ve\/index.php?rest_route=\/wp\/v2\/types\/post"}],"author":[{"embeddable":true,"href":"https:\/\/minaguas.gob.ve\/index.php?rest_route=\/wp\/v2\/users\/28"}],"replies":[{"embeddable":true,"href":"https:\/\/minaguas.gob.ve\/index.php?rest_route=%2Fwp%2Fv2%2Fcomments&post=12705"}],"version-history":[{"count":0,"href":"https:\/\/minaguas.gob.ve\/index.php?rest_route=\/wp\/v2\/posts\/12705\/revisions"}],"wp:featuredmedia":[{"embeddable":true,"href":"https:\/\/minaguas.gob.ve\/index.php?rest_route=\/wp\/v2\/media\/12714"}],"wp:attachment":[{"href":"https:\/\/minaguas.gob.ve\/index.php?rest_route=%2Fwp%2Fv2%2Fmedia&parent=12705"}],"wp:term":[{"taxonomy":"category","embeddable":true,"href":"https:\/\/minaguas.gob.ve\/index.php?rest_route=%2Fwp%2Fv2%2Fcategories&post=12705"},{"taxonomy":"post_tag","embeddable":true,"href":"https:\/\/minaguas.gob.ve\/index.php?rest_route=%2Fwp%2Fv2%2Ftags&post=12705"}],"curies":[{"name":"wp","href":"https:\/\/api.w.org\/{rel}","templated":true}]}}