{"id":12696,"date":"2025-09-10T17:12:52","date_gmt":"2025-09-10T21:12:52","guid":{"rendered":"https:\/\/minaguas.gob.ve\/?p=12696"},"modified":"2025-09-10T17:12:52","modified_gmt":"2025-09-10T21:12:52","slug":"minaguas-junto-al-pueblo-culmina-proyecto-de-la-segunda-consulta-popular-en-nueva-esparta","status":"publish","type":"post","link":"https:\/\/minaguas.gob.ve\/?p=12696","title":{"rendered":"Minaguas junto al Pueblo culmina proyecto de la Segunda Consulta Popular en Nueva Esparta"},"content":{"rendered":"\n<p><em>En el municipio D\u00edaz consolidan mejoras en la red de distribuci\u00f3n de agua para la Comuna El Valle de San Juan<\/em><\/p>\n\n\n\n<p>(Prensa MinAguas 10\/09\/2025).- El Ministerio del Poder Popular de las Aguas (MinAguas) junto al Pueblo organizado, y cumpliendo con los lineamientos del Presidente de la Rep\u00fablica, Nicol\u00e1s Maduro; concret\u00f3 la construcci\u00f3n de un acueducto en el sector Guatacaral, municipio D\u00edaz del estado Nueva Esparta.<\/p>\n\n\n\n<p>Son 137 las familias atendidas a trav\u00e9s del proyecto ganador en la Segunda Consulta Popular Nacional 2025, impulsado por la Comuna El Valle de San Juan, en favor de mejorar la distribuci\u00f3n del servicio de agua, lo cual comprendi\u00f3 la instalaci\u00f3n de 500 metros de tuber\u00eda de 3 pulgadas de di\u00e1metro.<\/p>\n\n\n\n<p>El vocero del consejo comunal Guatacaral, Eulises Ramos, destac\u00f3 que con la instalaci\u00f3n de esta tuber\u00eda se mejorar\u00e1 significativamente el suministro h\u00eddrico para los diferentes sectores del circuito comunal, y agreg\u00f3 su m\u00e1s profundo agradecimiento a las pol\u00edticas del Gobierno Bolivariano por el apoyo para lograr la ejecuci\u00f3n de la obra.<\/p>\n\n\n\n<p>Para la lidereza de Guatacaral, Am\u00e9rica Vizcaino, contar con instituciones que trabajan directamente de la mano con el Poder Popular, demuestra la efectividad de los m\u00e9todos del Presidente Nicol\u00e1s Maduro. \u201cEstoy agradecida y muy feliz, porque estamos viendo la realizaci\u00f3n de nuestro proyecto, y somos testigos de que se est\u00e1 llevando a cabo organizadamente, y esto nos beneficia a todos\u201d.<\/p>\n\n\n\n<p>Por su parte, la residente del municipio D\u00edaz, Rosangel Berm\u00fadez, resalt\u00f3 estar contenta, \u201cporque estamos viendo que s\u00ed se pueden lograr las metas que nos proponemos, y gracias al presidente, a las comunas y al Ministerio de las Aguas se hizo realidad esta gran obra, \u00a1un sue\u00f1o hecho realidad!\u201d.<\/p>\n\n\n\n<figure class=\"wp-block-gallery has-nested-images columns-default is-cropped wp-block-gallery-1 is-layout-flex wp-block-gallery-is-layout-flex\">\n<figure class=\"wp-block-image size-large\"><img loading=\"lazy\" decoding=\"async\" width=\"1080\" height=\"810\" data-id=\"12697\" src=\"https:\/\/minaguas.gob.ve\/wp-content\/uploads\/2025\/09\/WhatsApp-Image-2025-09-10-at-16.52.38-1.jpeg\" alt=\"\" class=\"wp-image-12697\"\/><\/figure>\n\n\n\n<figure class=\"wp-block-image size-large\"><img loading=\"lazy\" decoding=\"async\" width=\"1080\" height=\"810\" data-id=\"12698\" src=\"https:\/\/minaguas.gob.ve\/wp-content\/uploads\/2025\/09\/WhatsApp-Image-2025-09-10-at-16.52.37-1.jpeg\" alt=\"\" class=\"wp-image-12698\"\/><\/figure>\n\n\n\n<figure class=\"wp-block-image size-large\"><img loading=\"lazy\" decoding=\"async\" width=\"1024\" height=\"768\" data-id=\"12700\" src=\"https:\/\/minaguas.gob.ve\/wp-content\/uploads\/2025\/09\/WhatsApp-Image-2025-09-10-at-16.52.37.jpeg\" alt=\"\" class=\"wp-image-12700\"\/><\/figure>\n\n\n\n<figure class=\"wp-block-image size-large\"><img loading=\"lazy\" decoding=\"async\" width=\"1080\" height=\"810\" data-id=\"12699\" src=\"https:\/\/minaguas.gob.ve\/wp-content\/uploads\/2025\/09\/WhatsApp-Image-2025-09-10-at-16.52.38.jpeg\" alt=\"\" class=\"wp-image-12699\"\/><\/figure>\n\n\n\n<figure class=\"wp-block-image size-full\"><img loading=\"lazy\" decoding=\"async\" width=\"1024\" height=\"768\" data-id=\"12702\" src=\"https:\/\/minaguas.gob.ve\/wp-content\/uploads\/2025\/09\/WhatsApp-Image-2025-09-10-at-16.52.37-2.jpeg\" alt=\"\" class=\"wp-image-12702\"\/><\/figure>\n<\/figure>\n","protected":false},"excerpt":{"rendered":"<p>En el municipio D\u00edaz consolidan mejoras en la red de distribuci\u00f3n de agua para la Comuna El Valle de San Juan (Prensa MinAguas 10\/09\/2025).- El Ministerio del Poder Popular de las Aguas (MinAguas) junto al Pueblo organizado, y cumpliendo con los lineamientos del Presidente de la Rep\u00fablica, Nicol\u00e1s Maduro; concret\u00f3 la construcci\u00f3n de un acueducto [&hellip;]<\/p>\n","protected":false},"author":27,"featured_media":12698,"comment_status":"open","ping_status":"open","sticky":false,"template":"","format":"standard","meta":{"footnotes":""},"categories":[1],"tags":[42,8,24,45],"class_list":["post-12696","post","type-post","status-publish","format-standard","has-post-thumbnail","hentry","category-noticias","tag-agua-potable","tag-nacionales","tag-pueblo-trabajador-del-agua","tag-regionales"],"_links":{"self":[{"href":"https:\/\/minaguas.gob.ve\/index.php?rest_route=\/wp\/v2\/posts\/12696","targetHints":{"allow":["GET"]}}],"collection":[{"href":"https:\/\/minaguas.gob.ve\/index.php?rest_route=\/wp\/v2\/posts"}],"about":[{"href":"https:\/\/minaguas.gob.ve\/index.php?rest_route=\/wp\/v2\/types\/post"}],"author":[{"embeddable":true,"href":"https:\/\/minaguas.gob.ve\/index.php?rest_route=\/wp\/v2\/users\/27"}],"replies":[{"embeddable":true,"href":"https:\/\/minaguas.gob.ve\/index.php?rest_route=%2Fwp%2Fv2%2Fcomments&post=12696"}],"version-history":[{"count":0,"href":"https:\/\/minaguas.gob.ve\/index.php?rest_route=\/wp\/v2\/posts\/12696\/revisions"}],"wp:featuredmedia":[{"embeddable":true,"href":"https:\/\/minaguas.gob.ve\/index.php?rest_route=\/wp\/v2\/media\/12698"}],"wp:attachment":[{"href":"https:\/\/minaguas.gob.ve\/index.php?rest_route=%2Fwp%2Fv2%2Fmedia&parent=12696"}],"wp:term":[{"taxonomy":"category","embeddable":true,"href":"https:\/\/minaguas.gob.ve\/index.php?rest_route=%2Fwp%2Fv2%2Fcategories&post=12696"},{"taxonomy":"post_tag","embeddable":true,"href":"https:\/\/minaguas.gob.ve\/index.php?rest_route=%2Fwp%2Fv2%2Ftags&post=12696"}],"curies":[{"name":"wp","href":"https:\/\/api.w.org\/{rel}","templated":true}]}}