{"id":12691,"date":"2025-09-09T15:12:40","date_gmt":"2025-09-09T19:12:40","guid":{"rendered":"https:\/\/minaguas.gob.ve\/?p=12691"},"modified":"2025-09-09T15:58:38","modified_gmt":"2025-09-09T19:58:38","slug":"gobierno-bolivariano-construye-nuevo-acueducto-en-atencion-a-48-familias-de-yaracuy","status":"publish","type":"post","link":"https:\/\/minaguas.gob.ve\/?p=12691","title":{"rendered":"Gobierno Bolivariano construye nuevo acueducto en atenci\u00f3n a 48 familias de Yaracuy"},"content":{"rendered":"\n<p><em>Se instalaron 650 metros de tuber\u00eda de 2 y 3 pulgadas de di\u00e1metros y se construyeron 48 tomas domiciliarias<\/em><\/p>\n\n\n\n<p><strong>(Prensa MinAguas 9-9-2025).-<\/strong> Tras un arduo trabajo y en articulaci\u00f3n con el Poder Popular organizado, el Gobierno Bolivariano a trav\u00e9s de la Hidrol\u00f3gica Aguas de Yaracuy y alcald\u00eda del municipio Pe\u00f1a, avanza en la construcci\u00f3n de una nueva red de agua potable en la comunidad El Para\u00edso, sector Curvalet, en atenci\u00f3n a 48 familias.<\/p>\n\n\n\n<p>Las labores consisten en la instalaci\u00f3n de 650 metros de tuber\u00eda de 2 y 3 pulgadas de di\u00e1metro, construcci\u00f3n de 48 tomas domiciliarias y empalme a la red principal desde el pozo profundo La Montoya.<\/p>\n\n\n\n<p>Este proyecto es el resultado directo de la Comuna Socialista Productiva San Andr\u00e9s, en la segunda Consulta Nacional Popular a\u00f1o 2025 y respaldado por el presidente Nicol\u00e1s Maduro y el gobernador Leonardo Intonci, mediante la 2da Transformaci\u00f3n del Plan de la Patria 2025 \u2013 2031, consolidando mejores servicios p\u00fablicos.<\/p>\n\n\n\n<p>Por su parte, la habitante Mar\u00eda Gil, expres\u00f3 su agradecimiento al gobierno revolucionario por permitirle al Poder Popular elegir a trav\u00e9s de la Consulta, proyectos que atienden de manera conjunta las necesidades del pueblo, \u201cseguimos avanzando hacia la consolidaci\u00f3n del Estado Comunal\u201d, agreg\u00f3.<\/p>\n\n\n\n<p>Cabe destacar, que el pueblo trabajador del agua, trabaja de manera continua y coordinada con el Poder Popular para asegurar la eficiencia de los servicios de agua potable y promover un desarrollo sustentable, que contribuya al bienestar de todos los ciudadanos.<\/p>\n\n\n\n<figure class=\"wp-block-gallery has-nested-images columns-default is-cropped wp-block-gallery-1 is-layout-flex wp-block-gallery-is-layout-flex\">\n<figure class=\"wp-block-image size-large\"><img loading=\"lazy\" decoding=\"async\" width=\"1020\" height=\"768\" data-id=\"12692\" src=\"https:\/\/minaguas.gob.ve\/wp-content\/uploads\/2025\/09\/WhatsApp-Image-2025-09-09-at-14.50.16.jpeg\" alt=\"\" class=\"wp-image-12692\"\/><\/figure>\n\n\n\n<figure class=\"wp-block-image size-large\"><img loading=\"lazy\" decoding=\"async\" width=\"1280\" height=\"960\" data-id=\"12694\" src=\"https:\/\/minaguas.gob.ve\/wp-content\/uploads\/2025\/09\/WhatsApp-Image-2025-09-09-at-15.02.40.jpeg\" alt=\"\" class=\"wp-image-12694\"\/><\/figure>\n<\/figure>\n","protected":false},"excerpt":{"rendered":"<p>Se instalaron 650 metros de tuber\u00eda de 2 y 3 pulgadas de di\u00e1metros y se construyeron 48 tomas domiciliarias (Prensa MinAguas 9-9-2025).- Tras un arduo trabajo y en articulaci\u00f3n con el Poder Popular organizado, el Gobierno Bolivariano a trav\u00e9s de la Hidrol\u00f3gica Aguas de Yaracuy y alcald\u00eda del municipio Pe\u00f1a, avanza en la construcci\u00f3n de [&hellip;]<\/p>\n","protected":false},"author":27,"featured_media":12692,"comment_status":"open","ping_status":"open","sticky":false,"template":"","format":"standard","meta":{"footnotes":""},"categories":[1],"tags":[8,24,45],"class_list":["post-12691","post","type-post","status-publish","format-standard","has-post-thumbnail","hentry","category-noticias","tag-nacionales","tag-pueblo-trabajador-del-agua","tag-regionales"],"_links":{"self":[{"href":"https:\/\/minaguas.gob.ve\/index.php?rest_route=\/wp\/v2\/posts\/12691","targetHints":{"allow":["GET"]}}],"collection":[{"href":"https:\/\/minaguas.gob.ve\/index.php?rest_route=\/wp\/v2\/posts"}],"about":[{"href":"https:\/\/minaguas.gob.ve\/index.php?rest_route=\/wp\/v2\/types\/post"}],"author":[{"embeddable":true,"href":"https:\/\/minaguas.gob.ve\/index.php?rest_route=\/wp\/v2\/users\/27"}],"replies":[{"embeddable":true,"href":"https:\/\/minaguas.gob.ve\/index.php?rest_route=%2Fwp%2Fv2%2Fcomments&post=12691"}],"version-history":[{"count":0,"href":"https:\/\/minaguas.gob.ve\/index.php?rest_route=\/wp\/v2\/posts\/12691\/revisions"}],"wp:featuredmedia":[{"embeddable":true,"href":"https:\/\/minaguas.gob.ve\/index.php?rest_route=\/wp\/v2\/media\/12692"}],"wp:attachment":[{"href":"https:\/\/minaguas.gob.ve\/index.php?rest_route=%2Fwp%2Fv2%2Fmedia&parent=12691"}],"wp:term":[{"taxonomy":"category","embeddable":true,"href":"https:\/\/minaguas.gob.ve\/index.php?rest_route=%2Fwp%2Fv2%2Fcategories&post=12691"},{"taxonomy":"post_tag","embeddable":true,"href":"https:\/\/minaguas.gob.ve\/index.php?rest_route=%2Fwp%2Fv2%2Ftags&post=12691"}],"curies":[{"name":"wp","href":"https:\/\/api.w.org\/{rel}","templated":true}]}}