{"id":1227,"date":"2021-10-09T21:39:00","date_gmt":"2021-10-10T01:39:00","guid":{"rendered":"https:\/\/minaguas.gob.ve\/?p=1227"},"modified":"2021-10-10T10:23:16","modified_gmt":"2021-10-10T14:23:16","slug":"base-de-misiones-las-matas-en-portuguesa-recibio-atencion-en-materia-hidrica","status":"publish","type":"post","link":"https:\/\/minaguas.gob.ve\/?p=1227","title":{"rendered":"Base de Misiones Las Matas en Portuguesa recibi\u00f3 atenci\u00f3n en materia h\u00eddrica"},"content":{"rendered":"\n<div class=\"wp-block-image\"><figure class=\"aligncenter size-large\"><img loading=\"lazy\" decoding=\"async\" width=\"1024\" height=\"683\" src=\"https:\/\/minaguas.gob.ve\/wp-content\/uploads\/2021\/10\/SAVE_20211010_093529-1024x683.jpg\" alt=\"\" class=\"wp-image-1228\" srcset=\"https:\/\/minaguas.gob.ve\/wp-content\/uploads\/2021\/10\/SAVE_20211010_093529-1024x683.jpg 1024w, https:\/\/minaguas.gob.ve\/wp-content\/uploads\/2021\/10\/SAVE_20211010_093529-300x200.jpg 300w, https:\/\/minaguas.gob.ve\/wp-content\/uploads\/2021\/10\/SAVE_20211010_093529-768x512.jpg 768w, https:\/\/minaguas.gob.ve\/wp-content\/uploads\/2021\/10\/SAVE_20211010_093529.jpg 1440w\" sizes=\"auto, (max-width: 1024px) 100vw, 1024px\" \/><\/figure><\/div>\n\n\n\n<p><strong><em>Como parte del despliegue del Plan Amor en Acci\u00f3n a las V\u00edctimas del Bloqueo Econ\u00f3mico<\/em><\/strong><\/p>\n\n\n\n<p><strong>Prensa MinAguas (09-10-2021<\/strong>) Siguiendo  instrucciones del presidente de la Rep\u00fablica, Nicol\u00e1s Maduro, el Ministerio del Poder Popular de Atenci\u00f3n de las Aguas se uni\u00f3 al despliegue del Plan Amor en Acci\u00f3n a las V\u00edctimas del Bloqueo Econ\u00f3mico que se llev\u00f3 a cabo este s\u00e1bado 9 de octubre en la Base de Misiones Las Matas del municipio Guanare, en el estado Portuguesa.<\/p>\n\n\n\n<p>Durante la jornada la viceministra de Gesti\u00f3n Popular del Agua, Jeniree Zerpa, realiz\u00f3 una inspecci\u00f3n al pozo ubicado en el sector la Curva de la Mata, con el objetivo de evaluar su condici\u00f3n para su adecuaci\u00f3n y equipamiento. <\/p>\n\n\n\n<p>Asimismo, se estableci\u00f3 un encuentro con la vocer\u00eda de la Mesa T\u00e9cnica de Agua de la Curva de la Mata para puntualizar las fuentes de financiamiento del proyecto comunitario del pozo N\u00b002, el cual permitir\u00e1 impulsar el suministro de agua potable a los 1.580 habitantes de este sector.<\/p>\n\n\n\n<div class=\"wp-block-image\"><figure class=\"aligncenter size-large\"><img loading=\"lazy\" decoding=\"async\" width=\"576\" height=\"1024\" src=\"https:\/\/minaguas.gob.ve\/wp-content\/uploads\/2021\/10\/SAVE_20211010_093538-576x1024.jpg\" alt=\"\" class=\"wp-image-1231\" srcset=\"https:\/\/minaguas.gob.ve\/wp-content\/uploads\/2021\/10\/SAVE_20211010_093538-576x1024.jpg 576w, https:\/\/minaguas.gob.ve\/wp-content\/uploads\/2021\/10\/SAVE_20211010_093538-169x300.jpg 169w, https:\/\/minaguas.gob.ve\/wp-content\/uploads\/2021\/10\/SAVE_20211010_093538-768x1365.jpg 768w, https:\/\/minaguas.gob.ve\/wp-content\/uploads\/2021\/10\/SAVE_20211010_093538-864x1536.jpg 864w, https:\/\/minaguas.gob.ve\/wp-content\/uploads\/2021\/10\/SAVE_20211010_093538.jpg 1080w\" sizes=\"auto, (max-width: 576px) 100vw, 576px\" \/><\/figure><\/div>\n\n\n\n<p>Igualmente, se acord\u00f3 con la comunidad un levantamiento cartogr\u00e1fico, para identificar las necesidades requeridas en materia de servicios, al igual que la instalaci\u00f3n de una mesa de trabajo conjunta con las vocer\u00edas comunales y representantes de las instituciones gubernamentales para establecer las acciones a emprender en pro de mejorar la calidad de los servicios p\u00fablicos en la entidad.<\/p>\n\n\n\n<p>Como parte del despliegue social se brind\u00f3 a la comunidad asistencia m\u00e9dica, farmac\u00e9utica y atenci\u00f3n nutricional. Tambi\u00e9n recibieron bombillos LED y fueron beneficiados con la instalaci\u00f3n de un transformador.<\/p>\n\n\n\n<figure class=\"wp-block-gallery columns-2 is-cropped wp-block-gallery-1 is-layout-flex wp-block-gallery-is-layout-flex\"><ul class=\"blocks-gallery-grid\"><li class=\"blocks-gallery-item\"><figure><img loading=\"lazy\" decoding=\"async\" width=\"1024\" height=\"683\" src=\"https:\/\/minaguas.gob.ve\/wp-content\/uploads\/2021\/10\/SAVE_20211010_093546-1024x683.jpg\" alt=\"\" data-id=\"1229\" data-full-url=\"https:\/\/minaguas.gob.ve\/wp-content\/uploads\/2021\/10\/SAVE_20211010_093546.jpg\" data-link=\"https:\/\/minaguas.gob.ve\/?attachment_id=1229\" class=\"wp-image-1229\" srcset=\"https:\/\/minaguas.gob.ve\/wp-content\/uploads\/2021\/10\/SAVE_20211010_093546-1024x683.jpg 1024w, https:\/\/minaguas.gob.ve\/wp-content\/uploads\/2021\/10\/SAVE_20211010_093546-300x200.jpg 300w, https:\/\/minaguas.gob.ve\/wp-content\/uploads\/2021\/10\/SAVE_20211010_093546-768x512.jpg 768w, https:\/\/minaguas.gob.ve\/wp-content\/uploads\/2021\/10\/SAVE_20211010_093546.jpg 1440w\" sizes=\"auto, (max-width: 1024px) 100vw, 1024px\" \/><\/figure><\/li><li class=\"blocks-gallery-item\"><figure><img loading=\"lazy\" decoding=\"async\" width=\"1024\" height=\"683\" src=\"https:\/\/minaguas.gob.ve\/wp-content\/uploads\/2021\/10\/SAVE_20211010_093524-1024x683.jpg\" alt=\"\" data-id=\"1230\" data-full-url=\"https:\/\/minaguas.gob.ve\/wp-content\/uploads\/2021\/10\/SAVE_20211010_093524.jpg\" data-link=\"https:\/\/minaguas.gob.ve\/?attachment_id=1230\" class=\"wp-image-1230\" srcset=\"https:\/\/minaguas.gob.ve\/wp-content\/uploads\/2021\/10\/SAVE_20211010_093524-1024x683.jpg 1024w, https:\/\/minaguas.gob.ve\/wp-content\/uploads\/2021\/10\/SAVE_20211010_093524-300x200.jpg 300w, https:\/\/minaguas.gob.ve\/wp-content\/uploads\/2021\/10\/SAVE_20211010_093524-768x512.jpg 768w, https:\/\/minaguas.gob.ve\/wp-content\/uploads\/2021\/10\/SAVE_20211010_093524.jpg 1440w\" sizes=\"auto, (max-width: 1024px) 100vw, 1024px\" \/><\/figure><\/li><\/ul><\/figure>\n","protected":false},"excerpt":{"rendered":"<p>Como parte del despliegue del Plan Amor en Acci\u00f3n a las V\u00edctimas del Bloqueo Econ\u00f3mico Prensa MinAguas (09-10-2021) Siguiendo instrucciones del presidente de la Rep\u00fablica, Nicol\u00e1s Maduro, el Ministerio del Poder Popular de Atenci\u00f3n de las Aguas se uni\u00f3 al despliegue del Plan Amor en Acci\u00f3n a las V\u00edctimas del Bloqueo Econ\u00f3mico que se llev\u00f3 [&hellip;]<\/p>\n","protected":false},"author":28,"featured_media":1228,"comment_status":"open","ping_status":"open","sticky":false,"template":"","format":"standard","meta":{"footnotes":""},"categories":[1],"tags":[23,8],"class_list":["post-1227","post","type-post","status-publish","format-standard","has-post-thumbnail","hentry","category-noticias","tag-jornada-social","tag-nacionales"],"_links":{"self":[{"href":"https:\/\/minaguas.gob.ve\/index.php?rest_route=\/wp\/v2\/posts\/1227","targetHints":{"allow":["GET"]}}],"collection":[{"href":"https:\/\/minaguas.gob.ve\/index.php?rest_route=\/wp\/v2\/posts"}],"about":[{"href":"https:\/\/minaguas.gob.ve\/index.php?rest_route=\/wp\/v2\/types\/post"}],"author":[{"embeddable":true,"href":"https:\/\/minaguas.gob.ve\/index.php?rest_route=\/wp\/v2\/users\/28"}],"replies":[{"embeddable":true,"href":"https:\/\/minaguas.gob.ve\/index.php?rest_route=%2Fwp%2Fv2%2Fcomments&post=1227"}],"version-history":[{"count":0,"href":"https:\/\/minaguas.gob.ve\/index.php?rest_route=\/wp\/v2\/posts\/1227\/revisions"}],"wp:featuredmedia":[{"embeddable":true,"href":"https:\/\/minaguas.gob.ve\/index.php?rest_route=\/wp\/v2\/media\/1228"}],"wp:attachment":[{"href":"https:\/\/minaguas.gob.ve\/index.php?rest_route=%2Fwp%2Fv2%2Fmedia&parent=1227"}],"wp:term":[{"taxonomy":"category","embeddable":true,"href":"https:\/\/minaguas.gob.ve\/index.php?rest_route=%2Fwp%2Fv2%2Fcategories&post=1227"},{"taxonomy":"post_tag","embeddable":true,"href":"https:\/\/minaguas.gob.ve\/index.php?rest_route=%2Fwp%2Fv2%2Ftags&post=1227"}],"curies":[{"name":"wp","href":"https:\/\/api.w.org\/{rel}","templated":true}]}}