{"id":12261,"date":"2025-06-05T20:18:51","date_gmt":"2025-06-06T00:18:51","guid":{"rendered":"https:\/\/minaguas.gob.ve\/?p=12261"},"modified":"2025-06-05T20:18:51","modified_gmt":"2025-06-06T00:18:51","slug":"gobierno-bolivariano-sustituye-valvula-de-20-pulgadas-en-el-sistema-almaco-en-yaracuy","status":"publish","type":"post","link":"https:\/\/minaguas.gob.ve\/?p=12261","title":{"rendered":"Gobierno Bolivariano sustituye v\u00e1lvula de 20 pulgadas en el Sistema Almaco en Yaracuy"},"content":{"rendered":"\n<p><em>4.500 familias de 15 comunidades son atendidas con la optimizaci\u00f3n del servicio de agua potable<\/em><\/p>\n\n\n\n<p><strong>(Prensa MinAguas &#8211; 5-6-2025).-<\/strong> Enmarcado en la Agenda Concreta de Acci\u00f3n y Mapa de Soluciones, la Fuerza Trabajadora de MinAguas y alcald\u00eda del municipio San Felipe, sustituy\u00f3 una v\u00e1lvula de compuerta de 20 pulgadas de di\u00e1metro en el tanque de almacenamiento de agua potable del Sistema Almaco, ubicado en el sector Dabo\u00edn de la Parroquia Albarico.<\/p>\n\n\n\n<p>Las labores consistieron en el desmontaje, corte de tuber\u00eda de acero de 20 pulgadas, trabajo de soldadura y montaje de la v\u00e1lvula, la cu\u00e1l optimiz\u00f3 la distribuci\u00f3n de agua potable a 4.500 familias de 15 comunidades de la jurisdicci\u00f3n.<\/p>\n\n\n\n<p>Por su parte, la habitante del sector, Indira Camacho, agradeci\u00f3 a las instituciones por realizar estas acciones, ya que tiene un gran impacto para todas las comunidades, mejorando positivamente la calidad de vida de las familias.<\/p>\n\n\n\n<p>Con estos trabajos, MinAguas cumple con las instrucciones del presidente Nicol\u00e1s Maduro, a trav\u00e9s del ministro del Poder Popular de Atenci\u00f3n de las Aguas, para garantizar mejoras en el sistema de agua potable en la entidad.<\/p>\n\n\n\n<figure class=\"wp-block-gallery has-nested-images columns-default is-cropped wp-block-gallery-1 is-layout-flex wp-block-gallery-is-layout-flex\">\n<figure class=\"wp-block-image size-large\"><img loading=\"lazy\" decoding=\"async\" width=\"1280\" height=\"591\" data-id=\"12265\" src=\"https:\/\/minaguas.gob.ve\/wp-content\/uploads\/2025\/06\/photo_2025-06-05_11-04-27.jpg\" alt=\"\" class=\"wp-image-12265\"\/><\/figure>\n\n\n\n<figure class=\"wp-block-image size-large\"><img loading=\"lazy\" decoding=\"async\" width=\"1280\" height=\"591\" data-id=\"12266\" src=\"https:\/\/minaguas.gob.ve\/wp-content\/uploads\/2025\/06\/photo_2025-06-05_11-04-31.jpg\" alt=\"\" class=\"wp-image-12266\"\/><\/figure>\n\n\n\n<figure class=\"wp-block-image size-large\"><img loading=\"lazy\" decoding=\"async\" width=\"1040\" height=\"780\" data-id=\"12263\" src=\"https:\/\/minaguas.gob.ve\/wp-content\/uploads\/2025\/06\/photo_2025-06-05_11-04-46.jpg\" alt=\"\" class=\"wp-image-12263\"\/><\/figure>\n\n\n\n<figure class=\"wp-block-image size-large\"><img loading=\"lazy\" decoding=\"async\" width=\"1040\" height=\"780\" data-id=\"12264\" src=\"https:\/\/minaguas.gob.ve\/wp-content\/uploads\/2025\/06\/photo_2025-06-05_11-04-51.jpg\" alt=\"\" class=\"wp-image-12264\"\/><\/figure>\n\n\n\n<figure class=\"wp-block-image size-large\"><img loading=\"lazy\" decoding=\"async\" width=\"1280\" height=\"591\" data-id=\"12267\" src=\"https:\/\/minaguas.gob.ve\/wp-content\/uploads\/2025\/06\/photo_2025-06-05_11-04-34.jpg\" alt=\"\" class=\"wp-image-12267\"\/><\/figure>\n<\/figure>\n","protected":false},"excerpt":{"rendered":"<p>4.500 familias de 15 comunidades son atendidas con la optimizaci\u00f3n del servicio de agua potable (Prensa MinAguas &#8211; 5-6-2025).- Enmarcado en la Agenda Concreta de Acci\u00f3n y Mapa de Soluciones, la Fuerza Trabajadora de MinAguas y alcald\u00eda del municipio San Felipe, sustituy\u00f3 una v\u00e1lvula de compuerta de 20 pulgadas de di\u00e1metro en el tanque de [&hellip;]<\/p>\n","protected":false},"author":28,"featured_media":12262,"comment_status":"open","ping_status":"open","sticky":false,"template":"","format":"standard","meta":{"footnotes":""},"categories":[1],"tags":[42,8,24,45],"class_list":["post-12261","post","type-post","status-publish","format-standard","has-post-thumbnail","hentry","category-noticias","tag-agua-potable","tag-nacionales","tag-pueblo-trabajador-del-agua","tag-regionales"],"_links":{"self":[{"href":"https:\/\/minaguas.gob.ve\/index.php?rest_route=\/wp\/v2\/posts\/12261","targetHints":{"allow":["GET"]}}],"collection":[{"href":"https:\/\/minaguas.gob.ve\/index.php?rest_route=\/wp\/v2\/posts"}],"about":[{"href":"https:\/\/minaguas.gob.ve\/index.php?rest_route=\/wp\/v2\/types\/post"}],"author":[{"embeddable":true,"href":"https:\/\/minaguas.gob.ve\/index.php?rest_route=\/wp\/v2\/users\/28"}],"replies":[{"embeddable":true,"href":"https:\/\/minaguas.gob.ve\/index.php?rest_route=%2Fwp%2Fv2%2Fcomments&post=12261"}],"version-history":[{"count":0,"href":"https:\/\/minaguas.gob.ve\/index.php?rest_route=\/wp\/v2\/posts\/12261\/revisions"}],"wp:featuredmedia":[{"embeddable":true,"href":"https:\/\/minaguas.gob.ve\/index.php?rest_route=\/wp\/v2\/media\/12262"}],"wp:attachment":[{"href":"https:\/\/minaguas.gob.ve\/index.php?rest_route=%2Fwp%2Fv2%2Fmedia&parent=12261"}],"wp:term":[{"taxonomy":"category","embeddable":true,"href":"https:\/\/minaguas.gob.ve\/index.php?rest_route=%2Fwp%2Fv2%2Fcategories&post=12261"},{"taxonomy":"post_tag","embeddable":true,"href":"https:\/\/minaguas.gob.ve\/index.php?rest_route=%2Fwp%2Fv2%2Ftags&post=12261"}],"curies":[{"name":"wp","href":"https:\/\/api.w.org\/{rel}","templated":true}]}}