{"id":11784,"date":"2025-02-22T15:29:35","date_gmt":"2025-02-22T19:29:35","guid":{"rendered":"https:\/\/minaguas.gob.ve\/?p=11784"},"modified":"2025-03-06T12:09:20","modified_gmt":"2025-03-06T16:09:20","slug":"gobierno-bolivariano-potencia-la-captacion-de-agua-en-san-fernando-con-nuevo-equipo-sumergible","status":"publish","type":"post","link":"https:\/\/minaguas.gob.ve\/?p=11784","title":{"rendered":"Gobierno Bolivariano potencia la captaci\u00f3n de agua en San Fernando con nuevo equipo sumergible"},"content":{"rendered":"\n<p><em>Esta acci\u00f3n aportar\u00e1 un caudal de agua de 370 l\/s que ir\u00e1n directo al proceso de potabilizaci\u00f3n de la planta La Defensa<\/em><\/p>\n\n\n\n<p><strong>(Prensa MinAguas \/ Hidrollanos 22-02-2025).-<\/strong> La Fuerza Trabajadora de la Hidrol\u00f3gica de los Llanos (Hidrollanos), ente adscrito al Ministerio del Poder Popular de Atenci\u00f3n de las Aguas (MinAguas), junto a la Gobernaci\u00f3n del estado Apure, puso en funcionamiento un equipo sumergible de 385 HP en la captaci\u00f3n del puente Mar\u00eda Nieves, que atiende a la poblaci\u00f3n del municipio San Fernando, estado Apure.<\/p>\n\n\n\n<p>Al respecto, el presidente de Hidrollanos, Cnel. Juan Turaren, detall\u00f3 que el equipo multidisciplinario de Hidrollanos estuvo desplegado junto al Poder Popular y con el importante apoyo de la Gobernaci\u00f3n, realizando los trabajos de instalaci\u00f3n del equipo de captaci\u00f3n, con un horario de trabajo ininterrumpido, para brindar un servicio eficiente a la poblaci\u00f3n.<\/p>\n\n\n\n<p>Los trabajos consistieron en la sustituci\u00f3n de elementos mec\u00e1nicos como rodamientos y sellos, mantenimiento y correcci\u00f3n de puntos calientes en tablero de control de arranque y parada.<\/p>\n\n\n\n<p>Esta importante captaci\u00f3n atiende a m\u00e1s de 150 mil habitantes que hacen vida en el Casco Central de San Fernando, av. Intercomunal, urb. Merecure, urb. Para\u00edso, urb. Tamarindo, San Jos\u00e9, Jos\u00e9 Antonio P\u00e1ez, Terr\u00f3n Duro, Seraf\u00edn Cede\u00f1o y zonas adyacentes.<\/p>\n\n\n\n<p>El Gobierno Bolivariano liderado por el presidente Nicol\u00e1s Maduro contin\u00faa equipando y fortaleciendo el sistema h\u00eddrico nacional por el bienestar de todos y todas en el marco de las 7T de las Transformaciones Sociales.<\/p>\n\n\n\n<figure class=\"wp-block-gallery has-nested-images columns-default is-cropped wp-block-gallery-1 is-layout-flex wp-block-gallery-is-layout-flex\">\n<figure class=\"wp-block-image size-large\"><img loading=\"lazy\" decoding=\"async\" width=\"2560\" height=\"1920\" data-id=\"11789\" src=\"https:\/\/minaguas.gob.ve\/wp-content\/uploads\/2025\/02\/44e8daee-486a-49a6-b14d-e02766a3a8fb.jpg\" alt=\"\" class=\"wp-image-11789\"\/><\/figure>\n\n\n\n<figure class=\"wp-block-image size-large\"><img loading=\"lazy\" decoding=\"async\" width=\"2560\" height=\"1920\" data-id=\"11788\" src=\"https:\/\/minaguas.gob.ve\/wp-content\/uploads\/2025\/02\/40d5a486-52f9-46f1-be22-746f2ddf1786.jpg\" alt=\"\" class=\"wp-image-11788\"\/><\/figure>\n\n\n\n<figure class=\"wp-block-image size-large\"><img loading=\"lazy\" decoding=\"async\" width=\"2560\" height=\"1440\" data-id=\"11786\" src=\"https:\/\/minaguas.gob.ve\/wp-content\/uploads\/2025\/02\/9e746a41-35c5-4913-8f35-5e2ff8aa46ce.jpg\" alt=\"\" class=\"wp-image-11786\"\/><\/figure>\n\n\n\n<figure class=\"wp-block-image size-large\"><img loading=\"lazy\" decoding=\"async\" width=\"2560\" height=\"1440\" data-id=\"11787\" src=\"https:\/\/minaguas.gob.ve\/wp-content\/uploads\/2025\/02\/3dad8fc0-8178-4d85-8a7e-3a8d0bc9f2cd.jpg\" alt=\"\" class=\"wp-image-11787\"\/><\/figure>\n<\/figure>\n","protected":false},"excerpt":{"rendered":"<p>Esta acci\u00f3n aportar\u00e1 un caudal de agua de 370 l\/s que ir\u00e1n directo al proceso de potabilizaci\u00f3n de la planta La Defensa (Prensa MinAguas \/ Hidrollanos 22-02-2025).- La Fuerza Trabajadora de la Hidrol\u00f3gica de los Llanos (Hidrollanos), ente adscrito al Ministerio del Poder Popular de Atenci\u00f3n de las Aguas (MinAguas), junto a la Gobernaci\u00f3n del [&hellip;]<\/p>\n","protected":false},"author":28,"featured_media":11785,"comment_status":"open","ping_status":"open","sticky":false,"template":"","format":"standard","meta":{"footnotes":""},"categories":[1],"tags":[42,8,24,45],"class_list":["post-11784","post","type-post","status-publish","format-standard","has-post-thumbnail","hentry","category-noticias","tag-agua-potable","tag-nacionales","tag-pueblo-trabajador-del-agua","tag-regionales"],"_links":{"self":[{"href":"https:\/\/minaguas.gob.ve\/index.php?rest_route=\/wp\/v2\/posts\/11784","targetHints":{"allow":["GET"]}}],"collection":[{"href":"https:\/\/minaguas.gob.ve\/index.php?rest_route=\/wp\/v2\/posts"}],"about":[{"href":"https:\/\/minaguas.gob.ve\/index.php?rest_route=\/wp\/v2\/types\/post"}],"author":[{"embeddable":true,"href":"https:\/\/minaguas.gob.ve\/index.php?rest_route=\/wp\/v2\/users\/28"}],"replies":[{"embeddable":true,"href":"https:\/\/minaguas.gob.ve\/index.php?rest_route=%2Fwp%2Fv2%2Fcomments&post=11784"}],"version-history":[{"count":0,"href":"https:\/\/minaguas.gob.ve\/index.php?rest_route=\/wp\/v2\/posts\/11784\/revisions"}],"wp:featuredmedia":[{"embeddable":true,"href":"https:\/\/minaguas.gob.ve\/index.php?rest_route=\/wp\/v2\/media\/11785"}],"wp:attachment":[{"href":"https:\/\/minaguas.gob.ve\/index.php?rest_route=%2Fwp%2Fv2%2Fmedia&parent=11784"}],"wp:term":[{"taxonomy":"category","embeddable":true,"href":"https:\/\/minaguas.gob.ve\/index.php?rest_route=%2Fwp%2Fv2%2Fcategories&post=11784"},{"taxonomy":"post_tag","embeddable":true,"href":"https:\/\/minaguas.gob.ve\/index.php?rest_route=%2Fwp%2Fv2%2Ftags&post=11784"}],"curies":[{"name":"wp","href":"https:\/\/api.w.org\/{rel}","templated":true}]}}