{"id":11721,"date":"2025-02-14T22:20:45","date_gmt":"2025-02-15T02:20:45","guid":{"rendered":"https:\/\/minaguas.gob.ve\/?p=11721"},"modified":"2025-02-14T22:20:45","modified_gmt":"2025-02-15T02:20:45","slug":"hidrocaribe-atiende-a-mas-de-1-400-familias-con-el-plan-cayapa-en-nueva-esparta","status":"publish","type":"post","link":"https:\/\/minaguas.gob.ve\/?p=11721","title":{"rendered":"Hidrocaribe atiende a m\u00e1s de 1.400 familias con el Plan Cayapa en Nueva Esparta"},"content":{"rendered":"\n<p>El abordaje de la Fuerza Trabajadora del agua se despleg\u00f3 durante siete d\u00edas por los sectores de la parroquia Aguirre<\/p>\n\n\n\n<p>(Prensa MinAguas \u2013 Hidrocaribe 14\/02\/2025) Desde el lunes 27 de enero hasta el domingo 02 de febrero del presente a\u00f1o, la fuerza trabajadora del agua se despleg\u00f3 en la parroquia Aguirre del municipio Maneiro, estado Nueva Esparta, donde se atendieron a mil 442 familias.<\/p>\n\n\n\n<p>Durante el Plan Cayapa se ejecutaron trabajos de reparaci\u00f3n de aver\u00edas de agua potable en tuber\u00edas domiciliarias de los sectores Fundaci\u00f3n Margarita, Los Olivos, San Fernando, Los Chacos, Mundo Nuevo y Los Robles.<\/p>\n\n\n\n<p>En dichos trabajos se sustituyeron m\u00e1s de 23 metros lineales de tuber\u00eda de 2 pulgadas de di\u00e1metro, se realiz\u00f3 mantenimiento de medidores e instalaron nuevas tuber\u00edas de mayor resistencia lo que mejorar\u00e1 la calidad de vida de los m\u00e1s de 5 mil 500 habitantes que congregan estos sectores.<\/p>\n\n\n\n<p>El habitante del sector Los Chacos, Omar L\u00f3pez, agradeci\u00f3 la gesti\u00f3n realizada por Minaguas e Hidrocaribe, considerando que estas acciones son \u201cmuy oportunas ya que est\u00e1n abordando las necesidades directamente desde el pueblo y dando soluci\u00f3n de manera inmediata\u201d.<\/p>\n\n\n\n<p>Hidrocaribe continuar\u00e1 efectuando trabajos en la isla para continuar mejorando el servicio de agua potable de manera progresiva.<\/p>\n","protected":false},"excerpt":{"rendered":"<p>El abordaje de la Fuerza Trabajadora del agua se despleg\u00f3 durante siete d\u00edas por los sectores de la parroquia Aguirre (Prensa MinAguas \u2013 Hidrocaribe 14\/02\/2025) Desde el lunes 27 de enero hasta el domingo 02 de febrero del presente a\u00f1o, la fuerza trabajadora del agua se despleg\u00f3 en la parroquia Aguirre del municipio Maneiro, estado [&hellip;]<\/p>\n","protected":false},"author":28,"featured_media":11722,"comment_status":"open","ping_status":"open","sticky":false,"template":"","format":"standard","meta":{"footnotes":""},"categories":[1],"tags":[42,8,24,45],"class_list":["post-11721","post","type-post","status-publish","format-standard","has-post-thumbnail","hentry","category-noticias","tag-agua-potable","tag-nacionales","tag-pueblo-trabajador-del-agua","tag-regionales"],"_links":{"self":[{"href":"https:\/\/minaguas.gob.ve\/index.php?rest_route=\/wp\/v2\/posts\/11721","targetHints":{"allow":["GET"]}}],"collection":[{"href":"https:\/\/minaguas.gob.ve\/index.php?rest_route=\/wp\/v2\/posts"}],"about":[{"href":"https:\/\/minaguas.gob.ve\/index.php?rest_route=\/wp\/v2\/types\/post"}],"author":[{"embeddable":true,"href":"https:\/\/minaguas.gob.ve\/index.php?rest_route=\/wp\/v2\/users\/28"}],"replies":[{"embeddable":true,"href":"https:\/\/minaguas.gob.ve\/index.php?rest_route=%2Fwp%2Fv2%2Fcomments&post=11721"}],"version-history":[{"count":0,"href":"https:\/\/minaguas.gob.ve\/index.php?rest_route=\/wp\/v2\/posts\/11721\/revisions"}],"wp:featuredmedia":[{"embeddable":true,"href":"https:\/\/minaguas.gob.ve\/index.php?rest_route=\/wp\/v2\/media\/11722"}],"wp:attachment":[{"href":"https:\/\/minaguas.gob.ve\/index.php?rest_route=%2Fwp%2Fv2%2Fmedia&parent=11721"}],"wp:term":[{"taxonomy":"category","embeddable":true,"href":"https:\/\/minaguas.gob.ve\/index.php?rest_route=%2Fwp%2Fv2%2Fcategories&post=11721"},{"taxonomy":"post_tag","embeddable":true,"href":"https:\/\/minaguas.gob.ve\/index.php?rest_route=%2Fwp%2Fv2%2Ftags&post=11721"}],"curies":[{"name":"wp","href":"https:\/\/api.w.org\/{rel}","templated":true}]}}