{"id":11614,"date":"2025-01-27T20:40:22","date_gmt":"2025-01-28T00:40:22","guid":{"rendered":"https:\/\/minaguas.gob.ve\/?p=11614"},"modified":"2025-01-27T20:40:22","modified_gmt":"2025-01-28T00:40:22","slug":"gobierno-bolivariano-rehabilita-estacion-de-bombeo-de-agua-potable-la-chara-en-miranda","status":"publish","type":"post","link":"https:\/\/minaguas.gob.ve\/?p=11614","title":{"rendered":"Gobierno Bolivariano rehabilita estaci\u00f3n de bombeo de agua potable La Chara en Miranda"},"content":{"rendered":"\n<p><em>El incremento de la capacidad operativa de esta instalaci\u00f3n h\u00eddrica permite la atenci\u00f3n de 450 mil habitantes de tres municipios en los Valles del Tuy<\/em><\/p>\n\n\n\n<p><strong>(Prensa Minaguas 27\/01\/2025).-<\/strong> El Ministerio del Poder Popular de Atenci\u00f3n de las Aguas (MinAguas) concluy\u00f3 con \u00e9xito la rehabilitaci\u00f3n integral de la Estaci\u00f3n de Bombeo de Agua Potable La Chara, ubicada en el sector La Pe\u00f1ita, municipio Crist\u00f3bal Rojas del estado Miranda. Esta obra permite optimizar el suministro de agua potable en atenci\u00f3n a 450 mil habitantes de los municipios Crist\u00f3bal Rojas, Rafael Urdaneta y Tom\u00e1s Lander.<\/p>\n\n\n\n<p>La obra consisti\u00f3 en la instalaci\u00f3n de tres grupos de bombeo con una capacidad total de 700 hp, de los cuales dos est\u00e1n operativos para un caudal total de 650 litros por segundo (lps), y uno m\u00e1s como grupo de reserva. Adem\u00e1s, se instal\u00f3 un transformador de 80 MVA, lo que mejora significativamente la estabilidad del sistema el\u00e9ctrico en la Estaci\u00f3n de Bombeo La Chara, la Estaci\u00f3n de Bombeo 32 y la Planta Potabilizadora Caujarito.<\/p>\n\n\n\n<p>La rehabilitaci\u00f3n electromec\u00e1nica de la infraestructura incluye la instalaci\u00f3n de una v\u00e1lvula de paso anular, la rehabilitaci\u00f3n de los tableros de fuerza y control, as\u00ed como la pintura de \u00e1reas internas y externas. Adem\u00e1s, se renov\u00f3 la zona destinada a los operadores y se dot\u00f3 de un sistema de iluminaci\u00f3n tanto interno como externo para mejorar las condiciones laborales y operativas.<\/p>\n\n\n\n<p>Logros importantes:<\/p>\n\n\n\n<p>\u2022 Operatividad al 100%: La rehabilitaci\u00f3n ha permitido incrementar la capacidad total de bombeo de 450 lps a 650 lps, lo que representa un aumento del 44%.<br>\u2022 Incorporaci\u00f3n de 200 lps a la red de distribuci\u00f3n: Este incremento se reflejar\u00e1 directamente en la mejora del abastecimiento de agua en la regi\u00f3n.<br>\u2022 Mejoras en el servicio de agua: Con la rehabilitaci\u00f3n, los ciclos de abastecimiento y la cobertura del servicio mejorar\u00e1n de manera considerable:<br>o Crist\u00f3bal Rojas (Charallave): 100% de cobertura.<br>o Rafael Urdaneta (C\u00faa): 25% de cobertura.<br>o Tom\u00e1s Lander (Ocumare): 21% de cobertura.<\/p>\n\n\n\n<p>La vocera de las mesas t\u00e9cnicas de agua, Nubia Del Valle, se\u00f1al\u00f3 que en los Valles del Tuy tienen organizadas 823 mesas t\u00e9cnicas de agua y 36 consejos comunitarios de las aguas lo que les permite trabajar de manera mancomunada con Hidrocapital, quienes les ofrecen todo el apoyo t\u00e9cnico que requieren y lo que permite contar con una atenci\u00f3n inmediata en el territorio ante cualquier situaci\u00f3n.<\/p>\n\n\n\n<p>Adem\u00e1s, reconoci\u00f3 todo el esfuerzo que realiza el Gobierno Bolivariano para apoyar al Poder Popular y recalc\u00f3 el respaldo del pueblo al presidente Nicol\u00e1s Maduro.<\/p>\n\n\n\n<p>\u201cAqu\u00ed tiene un pueblo que lo va a seguir acompa\u00f1ando, aqu\u00ed tiene un pueblo aguerrido que va a mantener la lucha, aqu\u00ed tiene un pueblo que no le va a fallar, que en este 2025 va a dar la cara, una y cuantas veces sean necesarias para que usted siga conduciendo todas las victorias\u201d, se\u00f1al\u00f3 Del Valle.<\/p>\n\n\n\n<p>La culminaci\u00f3n de esta rehabilitaci\u00f3n no solo fortalece la infraestructura h\u00eddrica de la regi\u00f3n, sino que tambi\u00e9n asegura una mejora sustancial en la calidad del servicio de agua potable, atendiendo directamente a los ciudadanos en los municipios Crist\u00f3bal Rojas, Rafael Urdaneta y Tom\u00e1s Lander. Con esta acci\u00f3n, el Gobierno Bolivariano reafirma su compromiso con el desarrollo de soluciones sostenibles para garantizar el acceso al agua en todo el pa\u00eds.<\/p>\n\n\n\n<figure class=\"wp-block-image size-full\"><img loading=\"lazy\" decoding=\"async\" width=\"2560\" height=\"1920\" src=\"https:\/\/minaguas.gob.ve\/wp-content\/uploads\/2025\/01\/WhatsApp-Image-2025-01-27-at-8.34.37-PM-1.jpeg\" alt=\"\" class=\"wp-image-11616\" \/><\/figure>\n","protected":false},"excerpt":{"rendered":"<p>El incremento de la capacidad operativa de esta instalaci\u00f3n h\u00eddrica permite la atenci\u00f3n de 450 mil habitantes de tres municipios en los Valles del Tuy (Prensa Minaguas 27\/01\/2025).- El Ministerio del Poder Popular de Atenci\u00f3n de las Aguas (MinAguas) concluy\u00f3 con \u00e9xito la rehabilitaci\u00f3n integral de la Estaci\u00f3n de Bombeo de Agua Potable La Chara, [&hellip;]<\/p>\n","protected":false},"author":28,"featured_media":11615,"comment_status":"open","ping_status":"open","sticky":false,"template":"","format":"standard","meta":{"footnotes":""},"categories":[1],"tags":[42,8,24,45],"class_list":["post-11614","post","type-post","status-publish","format-standard","has-post-thumbnail","hentry","category-noticias","tag-agua-potable","tag-nacionales","tag-pueblo-trabajador-del-agua","tag-regionales"],"_links":{"self":[{"href":"https:\/\/minaguas.gob.ve\/index.php?rest_route=\/wp\/v2\/posts\/11614","targetHints":{"allow":["GET"]}}],"collection":[{"href":"https:\/\/minaguas.gob.ve\/index.php?rest_route=\/wp\/v2\/posts"}],"about":[{"href":"https:\/\/minaguas.gob.ve\/index.php?rest_route=\/wp\/v2\/types\/post"}],"author":[{"embeddable":true,"href":"https:\/\/minaguas.gob.ve\/index.php?rest_route=\/wp\/v2\/users\/28"}],"replies":[{"embeddable":true,"href":"https:\/\/minaguas.gob.ve\/index.php?rest_route=%2Fwp%2Fv2%2Fcomments&post=11614"}],"version-history":[{"count":0,"href":"https:\/\/minaguas.gob.ve\/index.php?rest_route=\/wp\/v2\/posts\/11614\/revisions"}],"wp:featuredmedia":[{"embeddable":true,"href":"https:\/\/minaguas.gob.ve\/index.php?rest_route=\/wp\/v2\/media\/11615"}],"wp:attachment":[{"href":"https:\/\/minaguas.gob.ve\/index.php?rest_route=%2Fwp%2Fv2%2Fmedia&parent=11614"}],"wp:term":[{"taxonomy":"category","embeddable":true,"href":"https:\/\/minaguas.gob.ve\/index.php?rest_route=%2Fwp%2Fv2%2Fcategories&post=11614"},{"taxonomy":"post_tag","embeddable":true,"href":"https:\/\/minaguas.gob.ve\/index.php?rest_route=%2Fwp%2Fv2%2Ftags&post=11614"}],"curies":[{"name":"wp","href":"https:\/\/api.w.org\/{rel}","templated":true}]}}