{"id":11528,"date":"2025-01-14T14:10:45","date_gmt":"2025-01-14T18:10:45","guid":{"rendered":"https:\/\/minaguas.gob.ve\/?p=11528"},"modified":"2025-01-14T14:10:45","modified_gmt":"2025-01-14T18:10:45","slug":"con-proyecto-comunitario-mejoran-servicio-de-agua-potable-en-el-sector-indio-yara-de-yaracuy","status":"publish","type":"post","link":"https:\/\/minaguas.gob.ve\/?p=11528","title":{"rendered":"Con proyecto comunitario mejoran servicio de agua potable en el sector Indio Yara de Yaracuy"},"content":{"rendered":"\n<p><em>Los trabajos se ejecutaron luego de ser priorizados a trav\u00e9s de la Segunda Consulta Popular Nacional del a\u00f1o pasado<\/em><\/p>\n\n\n\n<p><strong>(Prensa Aguas de Yaracuy 13-1-2025).-<\/strong> M\u00e1s de 860 habitantes de la Comuna Socialista Sim\u00f3n Torres en el municipio San Felipe, son atendidos tras la instalaci\u00f3n de 13 metros lineales de tuber\u00eda de 3 pulgadas de agua potable, a fin de fortalecer y mejorar la distribuci\u00f3n del vital l\u00edquido en la comunidad Indio Yara.<\/p>\n\n\n\n<p>Los trabajos se ejecutaron en articulaci\u00f3n con el Ministerio del Poder Popular de Atenci\u00f3n de las Aguas (MinAguas) y consistieron en la instalaci\u00f3n del acueducto y empalme de 10 a 3 pulgadas conectado en la tuber\u00eda matriz, adem\u00e1s de colocar una v\u00e1lvula de sectorizaci\u00f3n y la construcci\u00f3n de 14 tomas domiciliarias para asegurar la fluidez del agua potable y avanzar con el compromiso de atender a la comunidad con el sistema h\u00eddrico.<\/p>\n\n\n\n<p>Por su parte, la habitante de la comunidad Leidibeth Silva, agradeci\u00f3 al Gobierno Bolivariano por la aprobaci\u00f3n de este proyecto que es muy importante para las familias de Indio Yara, \u201cme siento satisfecha por este logro porque anhel\u00e1bamos tener agua por tuber\u00eda, estamos agradecidos con el presidente Nicol\u00e1s Maduro por hacer realidad nuestro sue\u00f1o\u201d.<\/p>\n\n\n\n<p>Gracias a las labores que realiza el Gobierno Nacional de empoderar al Pueblo, a trav\u00e9s de las Consultas Nacionales Populares, los circuitos comunales pueden ejecutar sus proyectos para el fortalecimiento de los servicios p\u00fablicos.<\/p>\n\n\n\n<figure class=\"wp-block-gallery has-nested-images columns-default is-cropped wp-block-gallery-1 is-layout-flex wp-block-gallery-is-layout-flex\">\n<figure class=\"wp-block-image size-large\"><img loading=\"lazy\" decoding=\"async\" width=\"1600\" height=\"900\" data-id=\"11534\" src=\"https:\/\/minaguas.gob.ve\/wp-content\/uploads\/2025\/01\/WhatsApp-Image-2025-01-14-at-2.06.37-PM-2-2.jpeg\" alt=\"\" class=\"wp-image-11534\" \/><\/figure>\n<\/figure>\n","protected":false},"excerpt":{"rendered":"<p>Los trabajos se ejecutaron luego de ser priorizados a trav\u00e9s de la Segunda Consulta Popular Nacional del a\u00f1o pasado (Prensa Aguas de Yaracuy 13-1-2025).- M\u00e1s de 860 habitantes de la Comuna Socialista Sim\u00f3n Torres en el municipio San Felipe, son atendidos tras la instalaci\u00f3n de 13 metros lineales de tuber\u00eda de 3 pulgadas de agua [&hellip;]<\/p>\n","protected":false},"author":28,"featured_media":11531,"comment_status":"open","ping_status":"open","sticky":false,"template":"","format":"standard","meta":{"footnotes":""},"categories":[1],"tags":[42,8,24,45],"class_list":["post-11528","post","type-post","status-publish","format-standard","has-post-thumbnail","hentry","category-noticias","tag-agua-potable","tag-nacionales","tag-pueblo-trabajador-del-agua","tag-regionales"],"_links":{"self":[{"href":"https:\/\/minaguas.gob.ve\/index.php?rest_route=\/wp\/v2\/posts\/11528","targetHints":{"allow":["GET"]}}],"collection":[{"href":"https:\/\/minaguas.gob.ve\/index.php?rest_route=\/wp\/v2\/posts"}],"about":[{"href":"https:\/\/minaguas.gob.ve\/index.php?rest_route=\/wp\/v2\/types\/post"}],"author":[{"embeddable":true,"href":"https:\/\/minaguas.gob.ve\/index.php?rest_route=\/wp\/v2\/users\/28"}],"replies":[{"embeddable":true,"href":"https:\/\/minaguas.gob.ve\/index.php?rest_route=%2Fwp%2Fv2%2Fcomments&post=11528"}],"version-history":[{"count":0,"href":"https:\/\/minaguas.gob.ve\/index.php?rest_route=\/wp\/v2\/posts\/11528\/revisions"}],"wp:featuredmedia":[{"embeddable":true,"href":"https:\/\/minaguas.gob.ve\/index.php?rest_route=\/wp\/v2\/media\/11531"}],"wp:attachment":[{"href":"https:\/\/minaguas.gob.ve\/index.php?rest_route=%2Fwp%2Fv2%2Fmedia&parent=11528"}],"wp:term":[{"taxonomy":"category","embeddable":true,"href":"https:\/\/minaguas.gob.ve\/index.php?rest_route=%2Fwp%2Fv2%2Fcategories&post=11528"},{"taxonomy":"post_tag","embeddable":true,"href":"https:\/\/minaguas.gob.ve\/index.php?rest_route=%2Fwp%2Fv2%2Ftags&post=11528"}],"curies":[{"name":"wp","href":"https:\/\/api.w.org\/{rel}","templated":true}]}}