{"id":11501,"date":"2024-12-21T10:01:56","date_gmt":"2024-12-21T14:01:56","guid":{"rendered":"https:\/\/minaguas.gob.ve\/?p=11501"},"modified":"2024-12-21T10:01:56","modified_gmt":"2024-12-21T14:01:56","slug":"hidrocaribe-corrige-averia-para-atender-a-20-mil-habitantes-de-piritu-en-anzoategui","status":"publish","type":"post","link":"https:\/\/minaguas.gob.ve\/?p=11501","title":{"rendered":"HidroCaribe corrige aver\u00eda para atender a 20 mil habitantes de P\u00edritu en Anzo\u00e1tegui"},"content":{"rendered":"\n<p><em>Un equipo multidisciplinario se despleg\u00f3 con maquinaria pesada para solventar y recuperar el servicio lo antes posible<\/em><\/p>\n\n\n\n<p><strong>(Prensa MinAguas \/ HidroCaribe 21-12-2024).-<\/strong> La fuerza trabajadora HidroCaribe ejecut\u00f3 la reparaci\u00f3n de una aver\u00eda en una tuber\u00eda principal de 24 pulgadas en la l\u00ednea de P\u00edritu, atendiendo a 20 mil habitantes de la zona Oeste del estado Anzo\u00e1tegui.<\/p>\n\n\n\n<p>El habitante de la comunidad Crucero de Nazareth, Luis Enez, expres\u00f3 su agradecimiento al equipo desplegado por la pronta respuesta y al mandatario nacional Nicol\u00e1s Maduro por el compromiso de garantizar la calidad de vida de todos los venezolanos. \u201cLos trabajadores no descansaron, todo fue muy r\u00e1pido y con profesionalismo\u201d, expres\u00f3.<\/p>\n\n\n\n<p>Durante la intervenci\u00f3n, se realiz\u00f3 excavaci\u00f3n con maquinaria pesada, acondicionamiento del \u00e1rea afectada y la fabricaci\u00f3n de una faja atornillada para corregir la aver\u00eda. Tras la reparaci\u00f3n, iniciaron de inmediato las maniobras para recuperar el servicio.<\/p>\n\n\n\n<p>Con estas acciones, se mejora la continuidad y confiabilidad del servicio, todo gracias a las pol\u00edticas del presidente Nicol\u00e1s Maduro para avanzar en el mejoramiento de los servicios p\u00fablicos.<\/p>\n\n\n\n<figure class=\"wp-block-gallery has-nested-images columns-default is-cropped wp-block-gallery-1 is-layout-flex wp-block-gallery-is-layout-flex\">\n<figure class=\"wp-block-image size-large\"><img loading=\"lazy\" decoding=\"async\" width=\"2312\" height=\"1736\" data-id=\"11502\" src=\"https:\/\/minaguas.gob.ve\/wp-content\/uploads\/2024\/12\/1001369983.jpg\" alt=\"\" class=\"wp-image-11502\" \/><\/figure>\n\n\n\n<figure class=\"wp-block-image size-large\"><img loading=\"lazy\" decoding=\"async\" width=\"2560\" height=\"1920\" data-id=\"11503\" src=\"https:\/\/minaguas.gob.ve\/wp-content\/uploads\/2024\/12\/1001370148.jpg\" alt=\"\" class=\"wp-image-11503\" \/><\/figure>\n<\/figure>\n","protected":false},"excerpt":{"rendered":"<p>Un equipo multidisciplinario se despleg\u00f3 con maquinaria pesada para solventar y recuperar el servicio lo antes posible (Prensa MinAguas \/ HidroCaribe 21-12-2024).- La fuerza trabajadora HidroCaribe ejecut\u00f3 la reparaci\u00f3n de una aver\u00eda en una tuber\u00eda principal de 24 pulgadas en la l\u00ednea de P\u00edritu, atendiendo a 20 mil habitantes de la zona Oeste del estado [&hellip;]<\/p>\n","protected":false},"author":27,"featured_media":11502,"comment_status":"open","ping_status":"open","sticky":false,"template":"","format":"standard","meta":{"footnotes":""},"categories":[1],"tags":[8,24,45],"class_list":["post-11501","post","type-post","status-publish","format-standard","has-post-thumbnail","hentry","category-noticias","tag-nacionales","tag-pueblo-trabajador-del-agua","tag-regionales"],"_links":{"self":[{"href":"https:\/\/minaguas.gob.ve\/index.php?rest_route=\/wp\/v2\/posts\/11501","targetHints":{"allow":["GET"]}}],"collection":[{"href":"https:\/\/minaguas.gob.ve\/index.php?rest_route=\/wp\/v2\/posts"}],"about":[{"href":"https:\/\/minaguas.gob.ve\/index.php?rest_route=\/wp\/v2\/types\/post"}],"author":[{"embeddable":true,"href":"https:\/\/minaguas.gob.ve\/index.php?rest_route=\/wp\/v2\/users\/27"}],"replies":[{"embeddable":true,"href":"https:\/\/minaguas.gob.ve\/index.php?rest_route=%2Fwp%2Fv2%2Fcomments&post=11501"}],"version-history":[{"count":0,"href":"https:\/\/minaguas.gob.ve\/index.php?rest_route=\/wp\/v2\/posts\/11501\/revisions"}],"wp:featuredmedia":[{"embeddable":true,"href":"https:\/\/minaguas.gob.ve\/index.php?rest_route=\/wp\/v2\/media\/11502"}],"wp:attachment":[{"href":"https:\/\/minaguas.gob.ve\/index.php?rest_route=%2Fwp%2Fv2%2Fmedia&parent=11501"}],"wp:term":[{"taxonomy":"category","embeddable":true,"href":"https:\/\/minaguas.gob.ve\/index.php?rest_route=%2Fwp%2Fv2%2Fcategories&post=11501"},{"taxonomy":"post_tag","embeddable":true,"href":"https:\/\/minaguas.gob.ve\/index.php?rest_route=%2Fwp%2Fv2%2Ftags&post=11501"}],"curies":[{"name":"wp","href":"https:\/\/api.w.org\/{rel}","templated":true}]}}