{"id":11331,"date":"2024-11-04T15:49:19","date_gmt":"2024-11-04T19:49:19","guid":{"rendered":"https:\/\/minaguas.gob.ve\/?p=11331"},"modified":"2024-11-04T15:49:19","modified_gmt":"2024-11-04T19:49:19","slug":"gobierno-bolivariano-realizo-despliegue-para-evaluar-el-sistema-hidrico-en-el-zulia","status":"publish","type":"post","link":"https:\/\/minaguas.gob.ve\/?p=11331","title":{"rendered":"Gobierno Bolivariano realiz\u00f3 despliegue para evaluar el sistema h\u00eddrico en el Zulia"},"content":{"rendered":"\n<figure class=\"wp-block-gallery has-nested-images columns-default is-cropped wp-block-gallery-1 is-layout-flex wp-block-gallery-is-layout-flex\">\n<figure class=\"wp-block-image size-large\"><img loading=\"lazy\" decoding=\"async\" width=\"1280\" height=\"720\" data-id=\"11334\" src=\"https:\/\/minaguas.gob.ve\/wp-content\/uploads\/2024\/11\/photo_4992439194706095972_y.jpg\" alt=\"\" class=\"wp-image-11334\" \/><\/figure>\n\n\n\n<figure class=\"wp-block-image size-large\"><img loading=\"lazy\" decoding=\"async\" width=\"1280\" height=\"720\" data-id=\"11335\" src=\"https:\/\/minaguas.gob.ve\/wp-content\/uploads\/2024\/11\/photo_4992439194706095973_y.jpg\" alt=\"\" class=\"wp-image-11335\" \/><\/figure>\n<\/figure>\n\n\n\n<p><strong>(Prensa MinAguas 04-11-2024).-<\/strong> Con el fin de brindar una mejor atenci\u00f3n a los servicios p\u00fablicos en el estado Zulia, el ministro del Poder Popular de Atenci\u00f3n de las Aguas, Carlos Mast Yustiz, realiz\u00f3 un despliegue para evaluar la Agenda Concreta de Acciones que permitir\u00e1 optimizar el sistema h\u00eddrico en la entidad zuliana.<\/p>\n\n\n\n<p>En este sentido, el l\u00edder de la cartera ministerial, particip\u00f3 en una mesa de trabajo junto al presidente de la Hidrol\u00f3gica del Lago de Maracaibo (Hidrolago), F\u00e9lix Torres, d\u00f3nde revisaron proyectos estructurantes en materia de agua potable y saneamiento, as\u00ed como tambi\u00e9n, la evoluci\u00f3n de los avances de los proyectos ganadores en los circuitos comunales, elegidos en la primera y la segunda Consulta Popular.<\/p>\n\n\n\n<p>Adem\u00e1s, durante el despliegue, Mast realiz\u00f3 una visita a la planta de tratamiento Maracaibo Sur, la cual cuenta con una capacidad de 2000 litros por segundo (LPS), para atender a 585.000 habitantes de los municipios Maracaibo y San Francisco.<\/p>\n\n\n\n<p>Durante el recorrido, se evaluaron los trabajos de rehabilitaci\u00f3n y mantenimiento integral que actualmente se est\u00e1n llevando a cabo dentro de la planta ubicada en el sector El Rodeo, municipio San Francisco, para fortalecer y optimizar el sistema de saneamiento.<\/p>\n\n\n\n<p>Estos trabajos forman parte de la nueva forma de gobierno implementada por el ejecutivo nacional, a fin de optimizar los servicios p\u00fablicos en todo el territorio nacional.<\/p>\n\n\n\n<figure class=\"wp-block-gallery has-nested-images columns-default is-cropped wp-block-gallery-2 is-layout-flex wp-block-gallery-is-layout-flex\">\n<figure class=\"wp-block-image size-large\"><img loading=\"lazy\" decoding=\"async\" width=\"1280\" height=\"720\" data-id=\"11332\" src=\"https:\/\/minaguas.gob.ve\/wp-content\/uploads\/2024\/11\/photo_4992439194706095974_y.jpg\" alt=\"\" class=\"wp-image-11332\" \/><\/figure>\n\n\n\n<figure class=\"wp-block-image size-large\"><img loading=\"lazy\" decoding=\"async\" width=\"1280\" height=\"720\" data-id=\"11333\" src=\"https:\/\/minaguas.gob.ve\/wp-content\/uploads\/2024\/11\/photo_4992439194706095975_y.jpg\" alt=\"\" class=\"wp-image-11333\" \/><\/figure>\n<\/figure>\n","protected":false},"excerpt":{"rendered":"<p>(Prensa MinAguas 04-11-2024).- Con el fin de brindar una mejor atenci\u00f3n a los servicios p\u00fablicos en el estado Zulia, el ministro del Poder Popular de Atenci\u00f3n de las Aguas, Carlos Mast Yustiz, realiz\u00f3 un despliegue para evaluar la Agenda Concreta de Acciones que permitir\u00e1 optimizar el sistema h\u00eddrico en la entidad zuliana. En este sentido, [&hellip;]<\/p>\n","protected":false},"author":27,"featured_media":11334,"comment_status":"open","ping_status":"open","sticky":false,"template":"","format":"standard","meta":{"footnotes":""},"categories":[1],"tags":[8,24,45],"class_list":["post-11331","post","type-post","status-publish","format-standard","has-post-thumbnail","hentry","category-noticias","tag-nacionales","tag-pueblo-trabajador-del-agua","tag-regionales"],"_links":{"self":[{"href":"https:\/\/minaguas.gob.ve\/index.php?rest_route=\/wp\/v2\/posts\/11331","targetHints":{"allow":["GET"]}}],"collection":[{"href":"https:\/\/minaguas.gob.ve\/index.php?rest_route=\/wp\/v2\/posts"}],"about":[{"href":"https:\/\/minaguas.gob.ve\/index.php?rest_route=\/wp\/v2\/types\/post"}],"author":[{"embeddable":true,"href":"https:\/\/minaguas.gob.ve\/index.php?rest_route=\/wp\/v2\/users\/27"}],"replies":[{"embeddable":true,"href":"https:\/\/minaguas.gob.ve\/index.php?rest_route=%2Fwp%2Fv2%2Fcomments&post=11331"}],"version-history":[{"count":0,"href":"https:\/\/minaguas.gob.ve\/index.php?rest_route=\/wp\/v2\/posts\/11331\/revisions"}],"wp:featuredmedia":[{"embeddable":true,"href":"https:\/\/minaguas.gob.ve\/index.php?rest_route=\/wp\/v2\/media\/11334"}],"wp:attachment":[{"href":"https:\/\/minaguas.gob.ve\/index.php?rest_route=%2Fwp%2Fv2%2Fmedia&parent=11331"}],"wp:term":[{"taxonomy":"category","embeddable":true,"href":"https:\/\/minaguas.gob.ve\/index.php?rest_route=%2Fwp%2Fv2%2Fcategories&post=11331"},{"taxonomy":"post_tag","embeddable":true,"href":"https:\/\/minaguas.gob.ve\/index.php?rest_route=%2Fwp%2Fv2%2Ftags&post=11331"}],"curies":[{"name":"wp","href":"https:\/\/api.w.org\/{rel}","templated":true}]}}