{"id":11301,"date":"2024-10-25T11:40:55","date_gmt":"2024-10-25T15:40:55","guid":{"rendered":"https:\/\/minaguas.gob.ve\/?p=11301"},"modified":"2024-10-25T11:40:55","modified_gmt":"2024-10-25T15:40:55","slug":"gobierno-nacional-entrego-1-200-metros-de-tuberias-al-pueblo-de-sinamaica-en-zulia","status":"publish","type":"post","link":"https:\/\/minaguas.gob.ve\/?p=11301","title":{"rendered":"Gobierno Nacional entreg\u00f3 1.200 metros de tuber\u00edas al pueblo de Sinamaica en Zulia"},"content":{"rendered":"\n<p><em>Unos mil 300 habitantes de la Laguna de&nbsp;Sinamaica&nbsp;en el municipio Ind\u00edgena Bolivariano Guajira, ser\u00e1n atendidos con este acueducto comunitario impulsado por el&nbsp;Gobierno&nbsp;Nacional&nbsp;para asegurar salud y bienestar a nuestros pueblos originarios de la regi\u00f3n<\/em><\/p>\n\n\n\n<p><strong>(Prensa MinAguas \/ Hidrolago 25-10-2024).-<\/strong> En el marco del D\u00eda de la Resistencia Ind\u00edgena, el\u00a0Gobierno\u00a0Nacional\u00a0a trav\u00e9s del ministerio del Poder Popular de Atenci\u00f3n de las Aguas (MinAguas) y la Hidrol\u00f3gica del Lago de Maracaibo (Hidrolago), realiz\u00f3 la primera entrega de mil 200\u00a0metros\u00a0de tuber\u00eda PEAD de 2 pulgadas de di\u00e1metro para la construcci\u00f3n de un acueducto que atender\u00e1 a mil 300 habitantes del\u00a0pueblo\u00a0A\u00f1\u00fa\u00a0de la Laguna de\u00a0Sinamaica, situada en el municipio Ind\u00edgena Bolivariano Guajira del estado\u00a0Zulia.<\/p>\n\n\n\n<p>El personal de la hidrol\u00f3gica zuliana, inici\u00f3 la colocaci\u00f3n de la tuber\u00eda del acueducto comunitario ind\u00edgena, desde la Estaci\u00f3n de Bombeo Puerto Cuervito hasta la Unidad Educativa&nbsp;Nacional&nbsp;Bolivariana Nelly Margarita P\u00e1ez de Melean que concentra una matr\u00edcula escolar de unos 620 alumnos.<\/p>\n\n\n\n<p>Por su parte, la l\u00edder de comunidad, Mariluz Conrrado del sector Ca\u00f1o Bendito y de la comuna ind\u00edgena Tawaruch\u00e1, expres\u00f3 su alegr\u00eda \u201cestamos agradecidos con la entrega de esta tuber\u00eda de agua potable en su primera fase, se\u00f1or presidente Maduro, usted cuenta con el&nbsp;pueblo&nbsp;ind\u00edgena&nbsp;A\u00f1\u00fa&nbsp;de la Laguna de&nbsp;Sinamaica&nbsp;y con comuna Tawaruch\u00e1, estamos con usted apoy\u00e1ndolo un cien por ciento\u201d.<\/p>\n\n\n\n<p>Esta entrega forma parte de una serie de iniciativas impulsadas por el\u00a0Gobierno\u00a0Nacional\u00a0con la finalidad de garantizar el acceso\u00a0al\u00a0agua potable a los pueblos ind\u00edgenas de la regi\u00f3n zuliana, en l\u00ednea con los objetivos de desarrollo sostenible y las pol\u00edticas de inclusi\u00f3n social promovidas por la revoluci\u00f3n bolivariana.<\/p>\n\n\n\n<figure class=\"wp-block-gallery has-nested-images columns-default is-cropped wp-block-gallery-1 is-layout-flex wp-block-gallery-is-layout-flex\">\n<figure class=\"wp-block-image size-large\"><img loading=\"lazy\" decoding=\"async\" width=\"1280\" height=\"720\" data-id=\"11303\" src=\"https:\/\/minaguas.gob.ve\/wp-content\/uploads\/2024\/10\/AP-SINAMAICA-4.jpg\" alt=\"\" class=\"wp-image-11303\" \/><\/figure>\n\n\n\n<figure class=\"wp-block-image size-large\"><img loading=\"lazy\" decoding=\"async\" width=\"1280\" height=\"720\" data-id=\"11302\" src=\"https:\/\/minaguas.gob.ve\/wp-content\/uploads\/2024\/10\/AP-SINAMAICA-3.jpg\" alt=\"\" class=\"wp-image-11302\" \/><\/figure>\n<\/figure>\n","protected":false},"excerpt":{"rendered":"<p>Unos mil 300 habitantes de la Laguna de&nbsp;Sinamaica&nbsp;en el municipio Ind\u00edgena Bolivariano Guajira, ser\u00e1n atendidos con este acueducto comunitario impulsado por el&nbsp;Gobierno&nbsp;Nacional&nbsp;para asegurar salud y bienestar a nuestros pueblos originarios de la regi\u00f3n (Prensa MinAguas \/ Hidrolago 25-10-2024).- En el marco del D\u00eda de la Resistencia Ind\u00edgena, el\u00a0Gobierno\u00a0Nacional\u00a0a trav\u00e9s del ministerio del Poder Popular de [&hellip;]<\/p>\n","protected":false},"author":27,"featured_media":11303,"comment_status":"open","ping_status":"open","sticky":false,"template":"","format":"standard","meta":{"footnotes":""},"categories":[1],"tags":[42,8,24,45],"class_list":["post-11301","post","type-post","status-publish","format-standard","has-post-thumbnail","hentry","category-noticias","tag-agua-potable","tag-nacionales","tag-pueblo-trabajador-del-agua","tag-regionales"],"_links":{"self":[{"href":"https:\/\/minaguas.gob.ve\/index.php?rest_route=\/wp\/v2\/posts\/11301","targetHints":{"allow":["GET"]}}],"collection":[{"href":"https:\/\/minaguas.gob.ve\/index.php?rest_route=\/wp\/v2\/posts"}],"about":[{"href":"https:\/\/minaguas.gob.ve\/index.php?rest_route=\/wp\/v2\/types\/post"}],"author":[{"embeddable":true,"href":"https:\/\/minaguas.gob.ve\/index.php?rest_route=\/wp\/v2\/users\/27"}],"replies":[{"embeddable":true,"href":"https:\/\/minaguas.gob.ve\/index.php?rest_route=%2Fwp%2Fv2%2Fcomments&post=11301"}],"version-history":[{"count":0,"href":"https:\/\/minaguas.gob.ve\/index.php?rest_route=\/wp\/v2\/posts\/11301\/revisions"}],"wp:featuredmedia":[{"embeddable":true,"href":"https:\/\/minaguas.gob.ve\/index.php?rest_route=\/wp\/v2\/media\/11303"}],"wp:attachment":[{"href":"https:\/\/minaguas.gob.ve\/index.php?rest_route=%2Fwp%2Fv2%2Fmedia&parent=11301"}],"wp:term":[{"taxonomy":"category","embeddable":true,"href":"https:\/\/minaguas.gob.ve\/index.php?rest_route=%2Fwp%2Fv2%2Fcategories&post=11301"},{"taxonomy":"post_tag","embeddable":true,"href":"https:\/\/minaguas.gob.ve\/index.php?rest_route=%2Fwp%2Fv2%2Ftags&post=11301"}],"curies":[{"name":"wp","href":"https:\/\/api.w.org\/{rel}","templated":true}]}}