{"id":11195,"date":"2024-10-03T12:15:01","date_gmt":"2024-10-03T16:15:01","guid":{"rendered":"https:\/\/minaguas.gob.ve\/?p=11195"},"modified":"2024-10-03T12:50:43","modified_gmt":"2024-10-03T16:50:43","slug":"gobierno-bolivariano-celebro-junto-al-poder-popular-de-el-valle-instalacion-de-una-nueva-tuberia","status":"publish","type":"post","link":"https:\/\/minaguas.gob.ve\/?p=11195","title":{"rendered":"Gobierno Bolivariano celebr\u00f3 junto al Poder Popular de El Valle instalaci\u00f3n de una nueva tuber\u00eda"},"content":{"rendered":"\n<p><em>Esta obra forma parte de la atenci\u00f3n a los Proyectos Comunitarios, impulsados por el presidente Nicol\u00e1s Maduro para promover la participaci\u00f3n del Pueblo organizado en la gesti\u00f3n y soluci\u00f3n de sus problemas<\/em><\/p>\n\n\n\n<p><strong>(Prensa MinAguas 03-10-2024).-<\/strong>El ministro del Poder Popular de Atenci\u00f3n de las Aguas, Carlos Mast Yustiz, visit\u00f3 la comunidad Manuel Sanabria de la calle 9, ubicada en la parroquia El Valle, donde fue inaugurada la instalaci\u00f3n de una tuber\u00eda con el fin de brindar una mejor optimizaci\u00f3n y distribuci\u00f3n del servicio de agua potable.<\/p>\n\n\n\n<p>En el recorrido tambi\u00e9n particip\u00f3 la alcaldesa de Caracas, Carmen Mel\u00e9ndez, quien resalt\u00f3 \u00abaqu\u00ed estamos, junto a la comunidad celebrando este 2 de octubre la instalaci\u00f3n de la tuber\u00eda principal de agua potable y arreglos de todas las viviendas\u201d.<\/p>\n\n\n\n<p>Por su parte, Mast manifest\u00f3 que \u00ab480 metros de tuber\u00eda fueron intervenidos ac\u00e1, para mejorar las presiones, el suministro y el abastecimiento de esta zona, y por supuesto han mejorado las tomas de estas casas en 500 metros lineales, un logro que hoy concretamos gracias a la unidad Pueblo y Gobierno Revolucionario\u00bb.<\/p>\n\n\n\n<p>Estos trabajos realizados en articulaci\u00f3n con la alcald\u00eda de Caracas y el ministerio del Poder Popular de Obras P\u00fablicas, benefician al sectores populares donde el pueblo organizado toma el protagonismo de su localidad.<\/p>\n\n\n\n<p>En ese sentido la alcaldesa de Caracas inform\u00f3, \u00abJuntos continuaremos con los trabajos del punto y c\u00edrculo, que ya han incluido la intervenci\u00f3n de canchas y remodelaci\u00f3n de fachadas\u00bb.<\/p>\n\n\n\n<p>Por su parte, Jessika Palacios, jefa de calle y vocera comunal, perteneciente al Consejo Comunal Vecinos en Revoluci\u00f3n, resalt\u00f3 \u00abNuestro presidente Nicol\u00e1s Maduro, reafirm\u00f3 su apoyo al pueblo y aqu\u00ed est\u00e1 ayud\u00e1ndonos, brind\u00e1ndonos esa mano amiga, gracias a eso tenemos nuestra agua potable\u00bb.<\/p>\n\n\n\n<div class=\"wp-block-columns is-layout-flex wp-container-core-columns-is-layout-9d6595d7 wp-block-columns-is-layout-flex\">\n<div class=\"wp-block-column is-layout-flow wp-block-column-is-layout-flow\" style=\"flex-basis:100%\">\n<figure class=\"wp-block-gallery has-nested-images columns-default is-cropped wp-block-gallery-1 is-layout-flex wp-block-gallery-is-layout-flex\">\n<figure class=\"wp-block-image size-large is-style-rectangular\"><img loading=\"lazy\" decoding=\"async\" width=\"1280\" height=\"855\" data-id=\"11190\" src=\"https:\/\/minaguas.gob.ve\/wp-content\/uploads\/2024\/10\/5181792233928633745.jpg\" alt=\"\" class=\"wp-image-11190\" \/><\/figure>\n<\/figure>\n<\/div>\n<\/div>\n\n\n\n<div class=\"wp-block-columns is-layout-flex wp-container-core-columns-is-layout-9d6595d7 wp-block-columns-is-layout-flex\">\n<div class=\"wp-block-column is-layout-flow wp-block-column-is-layout-flow\" style=\"flex-basis:100%\">\n<figure class=\"wp-block-gallery aligncenter has-nested-images columns-default is-cropped wp-block-gallery-2 is-layout-flex wp-block-gallery-is-layout-flex\">\n<figure class=\"wp-block-image size-large is-style-rectangular\"><img loading=\"lazy\" decoding=\"async\" width=\"1280\" height=\"855\" data-id=\"11191\" src=\"https:\/\/minaguas.gob.ve\/wp-content\/uploads\/2024\/10\/5181792233928633741-1.jpg\" alt=\"\" class=\"wp-image-11191\" \/><\/figure>\n<\/figure>\n<\/div>\n<\/div>\n","protected":false},"excerpt":{"rendered":"<p>Esta obra forma parte de la atenci\u00f3n a los Proyectos Comunitarios, impulsados por el presidente Nicol\u00e1s Maduro para promover la participaci\u00f3n del Pueblo organizado en la gesti\u00f3n y soluci\u00f3n de sus problemas (Prensa MinAguas 03-10-2024).-El ministro del Poder Popular de Atenci\u00f3n de las Aguas, Carlos Mast Yustiz, visit\u00f3 la comunidad Manuel Sanabria de la calle [&hellip;]<\/p>\n","protected":false},"author":28,"featured_media":11187,"comment_status":"open","ping_status":"open","sticky":false,"template":"","format":"standard","meta":{"footnotes":""},"categories":[1],"tags":[42,8],"class_list":["post-11195","post","type-post","status-publish","format-standard","has-post-thumbnail","hentry","category-noticias","tag-agua-potable","tag-nacionales"],"_links":{"self":[{"href":"https:\/\/minaguas.gob.ve\/index.php?rest_route=\/wp\/v2\/posts\/11195","targetHints":{"allow":["GET"]}}],"collection":[{"href":"https:\/\/minaguas.gob.ve\/index.php?rest_route=\/wp\/v2\/posts"}],"about":[{"href":"https:\/\/minaguas.gob.ve\/index.php?rest_route=\/wp\/v2\/types\/post"}],"author":[{"embeddable":true,"href":"https:\/\/minaguas.gob.ve\/index.php?rest_route=\/wp\/v2\/users\/28"}],"replies":[{"embeddable":true,"href":"https:\/\/minaguas.gob.ve\/index.php?rest_route=%2Fwp%2Fv2%2Fcomments&post=11195"}],"version-history":[{"count":0,"href":"https:\/\/minaguas.gob.ve\/index.php?rest_route=\/wp\/v2\/posts\/11195\/revisions"}],"wp:featuredmedia":[{"embeddable":true,"href":"https:\/\/minaguas.gob.ve\/index.php?rest_route=\/wp\/v2\/media\/11187"}],"wp:attachment":[{"href":"https:\/\/minaguas.gob.ve\/index.php?rest_route=%2Fwp%2Fv2%2Fmedia&parent=11195"}],"wp:term":[{"taxonomy":"category","embeddable":true,"href":"https:\/\/minaguas.gob.ve\/index.php?rest_route=%2Fwp%2Fv2%2Fcategories&post=11195"},{"taxonomy":"post_tag","embeddable":true,"href":"https:\/\/minaguas.gob.ve\/index.php?rest_route=%2Fwp%2Fv2%2Ftags&post=11195"}],"curies":[{"name":"wp","href":"https:\/\/api.w.org\/{rel}","templated":true}]}}