{"id":10920,"date":"2024-07-16T18:08:25","date_gmt":"2024-07-16T22:08:25","guid":{"rendered":"https:\/\/minaguas.gob.ve\/?p=10920"},"modified":"2024-07-16T23:17:14","modified_gmt":"2024-07-17T03:17:14","slug":"comunidad-zuliana-de-la-concepcion-atendida-con-servicio-hidrico-en-tiempo-record","status":"publish","type":"post","link":"https:\/\/minaguas.gob.ve\/?p=10920","title":{"rendered":"Comunidad zuliana de La Concepci\u00f3n atendida con servicio h\u00eddrico en tiempo r\u00e9cord"},"content":{"rendered":"\n<p><em>A trav\u00e9s del 1&#215;10 del Buen Gobierno se concret\u00f3 la recuperaci\u00f3n de la quinta l\u00ednea que abastece de agua potable a diferentes municipios de la entidad zuliana.<\/em><\/p>\n\n\n<div class=\"wp-block-image\">\n<figure class=\"aligncenter size-full\"><img loading=\"lazy\" decoding=\"async\" width=\"2560\" height=\"1441\" src=\"https:\/\/minaguas.gob.ve\/wp-content\/uploads\/2024\/07\/WhatsApp-Image-2024-07-16-at-6.04.25-PM.jpeg\" alt=\"\" class=\"wp-image-10921\" \/><\/figure>\n<\/div>\n\n\n<p><strong>(Prensa MinAguas 16-07-2024).-\u00a0<\/strong>El Gobierno Nacional, a trav\u00e9s del Ministerio del Poder Popular de Atenci\u00f3n de las Aguas e Hidrolago, constat\u00f3 el restablecimiento del servicio h\u00eddrico en la parroquia La Concepci\u00f3n del municipio Jes\u00fas Enrique Lossada del estado Zulia, en un lapso de 72 horas, con la puesta en marcha del quinto motor del sistema Tul\u00e9 y la rehabilitaci\u00f3n de la estaci\u00f3n de bombeo Intermedia.<\/p>\n\n\n\n<p>\u00abNuestro presidente Nicol\u00e1s Maduro dijo: en 72 horas debe llegar el agua, y en 72 horas est\u00e1 llegando el agua al tanque Para\u00edso para comenzar la distribuci\u00f3n a los diferentes ejes\u00bb, explic\u00f3 el ministro del Poder Popular de Atenci\u00f3n de las Aguas, G\/D Rodolfo Marco Torres, durante una asamblea con el Poder Popular organizado y los alcaldes de los municipios Jes\u00fas Enrique Lossada y Mara; Danilo A\u00f1ez y Luis Caldera, respectivamente.<\/p>\n\n\n\n<p>En este sentido, destac\u00f3 que el 1&#215;10 del Buen Gobierno ha permitido dar respuesta oportuna a los problemas de las comunidades con obras como la pr\u00f3xima instalaci\u00f3n de la sexta l\u00ednea de bombeo del sistema Tul\u00e9, con motores y bombas de 4 mil HP para alcanzar una producci\u00f3n de 12 mil Lps que abastecer\u00e1 a 2 millones 300 mil habitantes de los municipios Maracaibo, San Francisco, Mara, Jes\u00fas Enrique Lossada y Miranda.&nbsp;<\/p>\n\n\n\n<p>Adem\u00e1s, inspeccion\u00f3 los avances de la rehabilitaci\u00f3n integral de la estaci\u00f3n de bombeo Paraguaipoa, que forma parte del acueducto dise\u00f1ado para abastecer a 18 comunidades del municipio Ind\u00edgena Bolivariano La Guajira.&nbsp;<\/p>\n\n\n\n<p>\u00abAhora viene el trabajo de ustedes, de los Consejos Comunales, de las Mesas T\u00e9cnicas de Agua (MTA), de los circuitos comunales para cuidar el agua\u00bb, expres\u00f3 Marco Torres al orientar la consolidaci\u00f3n de las 276 MTA para regularizar el funcionamiento del sistema h\u00eddrico del estado Zulia.<\/p>\n\n\n\n<p><\/p>\n\n\n\n<figure class=\"wp-block-gallery aligncenter has-nested-images columns-default is-cropped wp-block-gallery-1 is-layout-flex wp-block-gallery-is-layout-flex\">\n<figure class=\"wp-block-image size-full\"><img loading=\"lazy\" decoding=\"async\" width=\"1280\" height=\"853\" data-id=\"10922\" src=\"https:\/\/minaguas.gob.ve\/wp-content\/uploads\/2024\/07\/WhatsApp-Image-2024-07-16-at-6.04.25-PM-1.jpeg\" alt=\"\" class=\"wp-image-10922\" \/><\/figure>\n\n\n\n<figure class=\"wp-block-image size-full\"><img loading=\"lazy\" decoding=\"async\" width=\"1080\" height=\"719\" data-id=\"10931\" src=\"https:\/\/minaguas.gob.ve\/wp-content\/uploads\/2024\/07\/WhatsApp-Image-2024-07-16-at-6.04.25-PM-3-2.jpeg\" alt=\"\" class=\"wp-image-10931\" \/><\/figure>\n<\/figure>\n\n\n\n<figure class=\"wp-block-gallery aligncenter has-nested-images columns-default is-cropped wp-block-gallery-2 is-layout-flex wp-block-gallery-is-layout-flex\">\n<figure class=\"wp-block-image size-full\"><img loading=\"lazy\" decoding=\"async\" width=\"2560\" height=\"1195\" data-id=\"10926\" src=\"https:\/\/minaguas.gob.ve\/wp-content\/uploads\/2024\/07\/WhatsApp-Image-2024-07-16-at-6.06.55-PM.jpeg\" alt=\"\" class=\"wp-image-10926\" \/><\/figure>\n\n\n\n<figure class=\"wp-block-image size-full\"><img loading=\"lazy\" decoding=\"async\" width=\"1280\" height=\"853\" data-id=\"10933\" src=\"https:\/\/minaguas.gob.ve\/wp-content\/uploads\/2024\/07\/WhatsApp-Image-2024-07-16-at-6.10.15-PM-3.jpeg\" alt=\"\" class=\"wp-image-10933\" \/><\/figure>\n<\/figure>\n","protected":false},"excerpt":{"rendered":"<p>A trav\u00e9s del 1&#215;10 del Buen Gobierno se concret\u00f3 la recuperaci\u00f3n de la quinta l\u00ednea que abastece de agua potable a diferentes municipios de la entidad zuliana. (Prensa MinAguas 16-07-2024).-\u00a0El Gobierno Nacional, a trav\u00e9s del Ministerio del Poder Popular de Atenci\u00f3n de las Aguas e Hidrolago, constat\u00f3 el restablecimiento del servicio h\u00eddrico en la parroquia [&hellip;]<\/p>\n","protected":false},"author":28,"featured_media":10924,"comment_status":"open","ping_status":"open","sticky":false,"template":"","format":"standard","meta":{"footnotes":""},"categories":[1],"tags":[103,42,72,24,45,233,73],"class_list":["post-10920","post","type-post","status-publish","format-standard","has-post-thumbnail","hentry","category-noticias","tag-1x10","tag-agua-potable","tag-hidrolago","tag-pueblo-trabajador-del-agua","tag-regionales","tag-sistema-tule","tag-zulia"],"_links":{"self":[{"href":"https:\/\/minaguas.gob.ve\/index.php?rest_route=\/wp\/v2\/posts\/10920","targetHints":{"allow":["GET"]}}],"collection":[{"href":"https:\/\/minaguas.gob.ve\/index.php?rest_route=\/wp\/v2\/posts"}],"about":[{"href":"https:\/\/minaguas.gob.ve\/index.php?rest_route=\/wp\/v2\/types\/post"}],"author":[{"embeddable":true,"href":"https:\/\/minaguas.gob.ve\/index.php?rest_route=\/wp\/v2\/users\/28"}],"replies":[{"embeddable":true,"href":"https:\/\/minaguas.gob.ve\/index.php?rest_route=%2Fwp%2Fv2%2Fcomments&post=10920"}],"version-history":[{"count":0,"href":"https:\/\/minaguas.gob.ve\/index.php?rest_route=\/wp\/v2\/posts\/10920\/revisions"}],"wp:featuredmedia":[{"embeddable":true,"href":"https:\/\/minaguas.gob.ve\/index.php?rest_route=\/wp\/v2\/media\/10924"}],"wp:attachment":[{"href":"https:\/\/minaguas.gob.ve\/index.php?rest_route=%2Fwp%2Fv2%2Fmedia&parent=10920"}],"wp:term":[{"taxonomy":"category","embeddable":true,"href":"https:\/\/minaguas.gob.ve\/index.php?rest_route=%2Fwp%2Fv2%2Fcategories&post=10920"},{"taxonomy":"post_tag","embeddable":true,"href":"https:\/\/minaguas.gob.ve\/index.php?rest_route=%2Fwp%2Fv2%2Ftags&post=10920"}],"curies":[{"name":"wp","href":"https:\/\/api.w.org\/{rel}","templated":true}]}}