{"id":10902,"date":"2024-07-13T11:00:22","date_gmt":"2024-07-13T15:00:22","guid":{"rendered":"https:\/\/minaguas.gob.ve\/?p=10902"},"modified":"2024-07-13T11:00:22","modified_gmt":"2024-07-13T15:00:22","slug":"gobierno-bolivariano-activa-servicio-de-agua-en-el-sector-12-de-octubre-de-el-valle","status":"publish","type":"post","link":"https:\/\/minaguas.gob.ve\/?p=10902","title":{"rendered":"Gobierno Bolivariano activa servicio de agua en el sector 12 de Octubre de El Valle"},"content":{"rendered":"\n<p><em>Hidrocapital instal\u00f3 mil 350 metros de tuber\u00eda para garantizar el recurso h\u00eddrico a mil 432 habitantes<\/em><\/p>\n\n\n\n<figure class=\"wp-block-gallery has-nested-images columns-default is-cropped wp-block-gallery-1 is-layout-flex wp-block-gallery-is-layout-flex\">\n<figure class=\"wp-block-image size-large\"><img loading=\"lazy\" decoding=\"async\" width=\"1280\" height=\"853\" data-id=\"10903\" src=\"https:\/\/minaguas.gob.ve\/wp-content\/uploads\/2024\/07\/WhatsApp-Image-2024-07-13-at-09.38.56.jpeg\" alt=\"\" class=\"wp-image-10903\" \/><\/figure>\n\n\n\n<figure class=\"wp-block-image size-large\"><img loading=\"lazy\" decoding=\"async\" width=\"1280\" height=\"853\" data-id=\"10904\" src=\"https:\/\/minaguas.gob.ve\/wp-content\/uploads\/2024\/07\/WhatsApp-Image-2024-07-13-at-09.38.42.jpeg\" alt=\"\" class=\"wp-image-10904\" \/><\/figure>\n<\/figure>\n\n\n\n<p><strong>(Prensa MinAguas \/ Hidrocapital 13-07-2024).-<\/strong> La fuerza trabajadora de Hidrocapital culmin\u00f3 la instalaci\u00f3n de mil 350 metros de tuber\u00eda de agua potable de diferentes pulgadas; para activar el suministro del vital l\u00edquido a mil 432 habitantes de la parroquia El Valle.<\/p>\n\n\n\n<p>Cuatro litros por segundo provenientes de la estaci\u00f3n de bombeo Manuel Sanabria, llegan ahora a familias de Bicentenario, calle 1 y calle 2 de Vista Alegre, Independiencia 5 de Julio y Bicentenario 5 de Julio.<\/p>\n\n\n\n<p>\u201cMe siento muy contenta porque el Gobierno Bolivariano escuch\u00f3 y atendi\u00f3 nuestro proyecto comunitario. Hoy con l\u00e1grimas en mis ojos, no tengo palabras. Este era un compromiso moral que yo ten\u00eda con mi comunidad y las instituciones me lo hicieron realidad\u201d, se\u00f1al\u00f3 Juana Meneses, lideresa de la comunidad.<\/p>\n\n\n\n<p>Se trata de otra zona donde no llegaba el servicio debido a m\u00faltiples factores t\u00e9cnicos y solo en uni\u00f3n perfecta entre los profesionales del agua y el Pueblo organizado, se pudo poner en marcha el proyecto y materializarlo.<\/p>\n\n\n\n<p>El Gobierno Bolivariano sigue trabajando para optimizar cada vez mas el servicio de agua potable. Hoy se siguen profundizando los esfuerzos gracias al sistema 1&#215;10 del Buen Gobierno y al equipo trabajador que avanza sin descanso por el bienestar de todos y todas.<\/p>\n\n\n\n<figure class=\"wp-block-gallery has-nested-images columns-default is-cropped wp-block-gallery-2 is-layout-flex wp-block-gallery-is-layout-flex\">\n<figure class=\"wp-block-image size-large\"><img loading=\"lazy\" decoding=\"async\" width=\"1280\" height=\"853\" data-id=\"10905\" src=\"https:\/\/minaguas.gob.ve\/wp-content\/uploads\/2024\/07\/WhatsApp-Image-2024-07-13-at-09.38.58.jpeg\" alt=\"\" class=\"wp-image-10905\" \/><\/figure>\n\n\n\n<figure class=\"wp-block-image size-full\"><img loading=\"lazy\" decoding=\"async\" width=\"1280\" height=\"853\" data-id=\"10907\" src=\"https:\/\/minaguas.gob.ve\/wp-content\/uploads\/2024\/07\/WhatsApp-Image-2024-07-13-at-09.38.55.jpeg\" alt=\"\" class=\"wp-image-10907\" \/><\/figure>\n<\/figure>\n","protected":false},"excerpt":{"rendered":"<p>Hidrocapital instal\u00f3 mil 350 metros de tuber\u00eda para garantizar el recurso h\u00eddrico a mil 432 habitantes (Prensa MinAguas \/ Hidrocapital 13-07-2024).- La fuerza trabajadora de Hidrocapital culmin\u00f3 la instalaci\u00f3n de mil 350 metros de tuber\u00eda de agua potable de diferentes pulgadas; para activar el suministro del vital l\u00edquido a mil 432 habitantes de la parroquia [&hellip;]<\/p>\n","protected":false},"author":28,"featured_media":10906,"comment_status":"open","ping_status":"open","sticky":false,"template":"","format":"standard","meta":{"footnotes":""},"categories":[1],"tags":[103,42,36,8,24,45],"class_list":["post-10902","post","type-post","status-publish","format-standard","has-post-thumbnail","hentry","category-noticias","tag-1x10","tag-agua-potable","tag-hidrocapital","tag-nacionales","tag-pueblo-trabajador-del-agua","tag-regionales"],"_links":{"self":[{"href":"https:\/\/minaguas.gob.ve\/index.php?rest_route=\/wp\/v2\/posts\/10902","targetHints":{"allow":["GET"]}}],"collection":[{"href":"https:\/\/minaguas.gob.ve\/index.php?rest_route=\/wp\/v2\/posts"}],"about":[{"href":"https:\/\/minaguas.gob.ve\/index.php?rest_route=\/wp\/v2\/types\/post"}],"author":[{"embeddable":true,"href":"https:\/\/minaguas.gob.ve\/index.php?rest_route=\/wp\/v2\/users\/28"}],"replies":[{"embeddable":true,"href":"https:\/\/minaguas.gob.ve\/index.php?rest_route=%2Fwp%2Fv2%2Fcomments&post=10902"}],"version-history":[{"count":0,"href":"https:\/\/minaguas.gob.ve\/index.php?rest_route=\/wp\/v2\/posts\/10902\/revisions"}],"wp:featuredmedia":[{"embeddable":true,"href":"https:\/\/minaguas.gob.ve\/index.php?rest_route=\/wp\/v2\/media\/10906"}],"wp:attachment":[{"href":"https:\/\/minaguas.gob.ve\/index.php?rest_route=%2Fwp%2Fv2%2Fmedia&parent=10902"}],"wp:term":[{"taxonomy":"category","embeddable":true,"href":"https:\/\/minaguas.gob.ve\/index.php?rest_route=%2Fwp%2Fv2%2Fcategories&post=10902"},{"taxonomy":"post_tag","embeddable":true,"href":"https:\/\/minaguas.gob.ve\/index.php?rest_route=%2Fwp%2Fv2%2Ftags&post=10902"}],"curies":[{"name":"wp","href":"https:\/\/api.w.org\/{rel}","templated":true}]}}