{"id":10807,"date":"2024-07-06T12:26:29","date_gmt":"2024-07-06T16:26:29","guid":{"rendered":"https:\/\/minaguas.gob.ve\/?p=10807"},"modified":"2024-07-06T12:26:29","modified_gmt":"2024-07-06T16:26:29","slug":"gobierno-nacional-activo-segunda-fuente-de-captacion-de-agua-en-cumanacoa","status":"publish","type":"post","link":"https:\/\/minaguas.gob.ve\/?p=10807","title":{"rendered":"Gobierno Nacional activ\u00f3 segunda fuente de captaci\u00f3n de agua en Cumanacoa"},"content":{"rendered":"\n<p><em>Estas tomas se recuperaron en el r\u00edo Manzanares y producen el 100 % del caudal necesario para abastecer a la planta potabilizadora San Lorenzo<\/em>.<\/p>\n\n\n<div class=\"wp-block-image\">\n<figure class=\"aligncenter size-full\"><img loading=\"lazy\" decoding=\"async\" width=\"960\" height=\"540\" src=\"https:\/\/minaguas.gob.ve\/wp-content\/uploads\/2024\/07\/WhatsApp-Image-2024-07-06-at-12.01.39-PM-3.jpeg\" alt=\"\" class=\"wp-image-10811\" \/><\/figure>\n<\/div>\n\n\n<p>(<strong>Prensa MinAguas \/ HidroCaribe 06-07-2024).-<\/strong> Durante el programa Con Maduro de Repente conducido por el presidente de la Rep\u00fablica Bolivariana de Venezuela, Nicol\u00e1s Maduro, el ministro del Poder Popular de Atenci\u00f3n de las Aguas (MinAguas), G\/D Rodolfo Marco Torres, inform\u00f3 al Mandatario Nacional la reactivaci\u00f3n de la segunda fuente de captaci\u00f3n de agua cruda del r\u00edo Manzanares en Cumanacoa, estado Sucre, para abastecer con 200 litros por segundo (LPS) a la planta potabilizadora San Lorenzo.<\/p>\n\n\n\n<p>El titular de la cartera de Aguas destac\u00f3 que se espera mejor\u00eda en las condiciones de turbidez en el r\u00edo, para dar inicio al proceso de potabilizaci\u00f3n y distribuci\u00f3n hacia los hogares a trav\u00e9s de este sistema.<\/p>\n\n\n\n<p>Las labores iniciaron con el dragado del r\u00edo Manzanares y construcci\u00f3n de un dique artesanal de rocas con maquinaria pesada; posteriormente se procedi\u00f3 a empalmar un tramo de tuber\u00eda de 16 pulgadas, que conduce el agua hacia el desarenador hasta llegar a la planta potabilizadora.<\/p>\n\n\n\n<p>Marco Torres inform\u00f3 adem\u00e1s a trav\u00e9s de sus redes sociales que ya se han activado tres pozos, uno en la comunidad de Barrio Blanco con mantenimiento correctivo y dos en el sector La Granja, con la instalaci\u00f3n de un motor y bomba nuevo de 30 HP, a fin de abastecer de agua potable a 17 comunidades de la jurisdicci\u00f3n.<\/p>\n\n\n\n<p>La Guardia del Pueblo e HidroCaribe se encuentran desplegadas distribuyendo agua a las comunidades a trav\u00e9s de 28 cisternas, como medida de atenci\u00f3n inmediata a las familias afectadas por el desbordamiento del r\u00edo.<\/p>\n\n\n\n<figure class=\"wp-block-gallery has-nested-images columns-default is-cropped wp-block-gallery-1 is-layout-flex wp-block-gallery-is-layout-flex\">\n<figure class=\"wp-block-image size-large\"><img loading=\"lazy\" decoding=\"async\" width=\"960\" height=\"540\" data-id=\"10812\" src=\"https:\/\/minaguas.gob.ve\/wp-content\/uploads\/2024\/07\/WhatsApp-Image-2024-07-06-at-12.01.40-PM-3.jpeg\" alt=\"\" class=\"wp-image-10812\" \/><\/figure>\n\n\n\n<figure class=\"wp-block-image size-large\"><img loading=\"lazy\" decoding=\"async\" width=\"960\" height=\"540\" data-id=\"10813\" src=\"https:\/\/minaguas.gob.ve\/wp-content\/uploads\/2024\/07\/WhatsApp-Image-2024-07-06-at-12.01.40-PM-4.jpeg\" alt=\"\" class=\"wp-image-10813\" \/><\/figure>\n<\/figure>\n\n\n\n<figure class=\"wp-block-gallery has-nested-images columns-default is-cropped wp-block-gallery-2 is-layout-flex wp-block-gallery-is-layout-flex\">\n<figure class=\"wp-block-image size-large\"><img loading=\"lazy\" decoding=\"async\" width=\"960\" height=\"540\" data-id=\"10814\" src=\"https:\/\/minaguas.gob.ve\/wp-content\/uploads\/2024\/07\/WhatsApp-Image-2024-07-06-at-12.01.40-PM.jpeg\" alt=\"\" class=\"wp-image-10814\" \/><\/figure>\n<\/figure>\n","protected":false},"excerpt":{"rendered":"<p>Estas tomas se recuperaron en el r\u00edo Manzanares y producen el 100 % del caudal necesario para abastecer a la planta potabilizadora San Lorenzo. (Prensa MinAguas \/ HidroCaribe 06-07-2024).- Durante el programa Con Maduro de Repente conducido por el presidente de la Rep\u00fablica Bolivariana de Venezuela, Nicol\u00e1s Maduro, el ministro del Poder Popular de Atenci\u00f3n [&hellip;]<\/p>\n","protected":false},"author":28,"featured_media":10815,"comment_status":"open","ping_status":"open","sticky":false,"template":"","format":"standard","meta":{"footnotes":""},"categories":[1],"tags":[103,42,226,60,8,227,31,24,229,228,69],"class_list":["post-10807","post","type-post","status-publish","format-standard","has-post-thumbnail","hentry","category-noticias","tag-1x10","tag-agua-potable","tag-cumanacoa","tag-hidrocaribe","tag-nacionales","tag-planta-potablizadora","tag-pozos-profundos","tag-pueblo-trabajador-del-agua","tag-rio-manzanares","tag-san-lorenzo","tag-sucre"],"_links":{"self":[{"href":"https:\/\/minaguas.gob.ve\/index.php?rest_route=\/wp\/v2\/posts\/10807","targetHints":{"allow":["GET"]}}],"collection":[{"href":"https:\/\/minaguas.gob.ve\/index.php?rest_route=\/wp\/v2\/posts"}],"about":[{"href":"https:\/\/minaguas.gob.ve\/index.php?rest_route=\/wp\/v2\/types\/post"}],"author":[{"embeddable":true,"href":"https:\/\/minaguas.gob.ve\/index.php?rest_route=\/wp\/v2\/users\/28"}],"replies":[{"embeddable":true,"href":"https:\/\/minaguas.gob.ve\/index.php?rest_route=%2Fwp%2Fv2%2Fcomments&post=10807"}],"version-history":[{"count":0,"href":"https:\/\/minaguas.gob.ve\/index.php?rest_route=\/wp\/v2\/posts\/10807\/revisions"}],"wp:featuredmedia":[{"embeddable":true,"href":"https:\/\/minaguas.gob.ve\/index.php?rest_route=\/wp\/v2\/media\/10815"}],"wp:attachment":[{"href":"https:\/\/minaguas.gob.ve\/index.php?rest_route=%2Fwp%2Fv2%2Fmedia&parent=10807"}],"wp:term":[{"taxonomy":"category","embeddable":true,"href":"https:\/\/minaguas.gob.ve\/index.php?rest_route=%2Fwp%2Fv2%2Fcategories&post=10807"},{"taxonomy":"post_tag","embeddable":true,"href":"https:\/\/minaguas.gob.ve\/index.php?rest_route=%2Fwp%2Fv2%2Ftags&post=10807"}],"curies":[{"name":"wp","href":"https:\/\/api.w.org\/{rel}","templated":true}]}}