{"id":10797,"date":"2024-07-04T22:10:38","date_gmt":"2024-07-05T02:10:38","guid":{"rendered":"https:\/\/minaguas.gob.ve\/?p=10797"},"modified":"2024-07-04T22:10:38","modified_gmt":"2024-07-05T02:10:38","slug":"gobierno-nacional-avanza-en-reactivacion-de-sistemas-hidricos-en-cumanacoa-estado-sucre","status":"publish","type":"post","link":"https:\/\/minaguas.gob.ve\/?p=10797","title":{"rendered":"Gobierno Nacional avanza en reactivaci\u00f3n de sistemas h\u00eddricos en Cumanacoa estado Sucre"},"content":{"rendered":"\n<p><em>28 camiones supercisterna<\/em>s<em> y activaci\u00f3n de cuatro pozos suministran el vital l\u00edquido a la poblaci\u00f3n de Cumanacoa afectada por la crecida del r\u00edo Manzanares. <\/em><\/p>\n\n\n\n<p>(Prensa MinAguas \/ Hidrocaribe 04-07-2024).- Por instrucciones del presidente de la Rep\u00fablica, Nicol\u00e1s Maduro Moros, el ministro del Poder Popular de Atenci\u00f3n de las Aguas (MinAguas), G\/D Rodolfo Marco Torres, se despleg\u00f3 con el equipo de Hidrocaribe en los sectores de Cumanacoa afectados por el paso del hurac\u00e1n Beryl, para dar respuesta inmediata con la reactivaci\u00f3n de cuatro pozos incorporados al sistema h\u00eddrico de la localidad.<\/p>\n\n\n\n<p>El titular del despacho h\u00eddrico inform\u00f3 que se inici\u00f3 la rehabilitaci\u00f3n de la captaci\u00f3n de agua cruda que abastece a la planta potabilizadora San Lorenzo, donde se ejecuta el dragado del r\u00edo Manzanares, la remoci\u00f3n de sedimentos del desarenador y la adecuaci\u00f3n de la tuber\u00eda de 12 pulgadas.<\/p>\n\n\n\n<p>Al mismo tiempo, fueron reactivados cuatro pozos, el primero en el sector La Granja donde se instalaron motor y bomba nuevas de 30 HP, mientras que en la comunidad de Barrio Blanco se realiz\u00f3 el mantenimiento correctivo a otra fuente subterr\u00e1nea con una producci\u00f3n de 24 litros por segundo (LPS) de agua.<\/p>\n\n\n\n<p>Para activar el pozo San Salvador, se colocaron 15 metros de tuber\u00eda Pead de dos pulgadas, entretanto que en el pozo La Rinconada se corrigi\u00f3 una aver\u00eda en la tuber\u00eda de impulsi\u00f3n de cuatro pulgadas, que genera 20 LPS.<\/p>\n\n\n\n<p>Simult\u00e1neamente, se ejecuta un operativo de distribuci\u00f3n de agua potable a trav\u00e9s de 28 camiones cisterna desplegados en la localidad, incluyendo dos s\u00faper cisternas nuevas.<\/p>\n\n\n\n<p>De esta manera, el Pueblo Trabajador del Agua contin\u00faa ejecutando distintas acciones para mantener al 100 % el servicio de agua potable en Cumanacoa, d\u00e1ndole atenci\u00f3n inmediata a la poblaci\u00f3n afectada como premisa del Gobierno Bolivariano.<\/p>\n\n\n\n<figure class=\"wp-block-gallery has-nested-images columns-default is-cropped wp-block-gallery-1 is-layout-flex wp-block-gallery-is-layout-flex\">\n<figure class=\"wp-block-image size-large\"><img loading=\"lazy\" decoding=\"async\" width=\"1220\" height=\"669\" data-id=\"10799\" src=\"https:\/\/minaguas.gob.ve\/wp-content\/uploads\/2024\/07\/1000574069.jpg\" alt=\"\" class=\"wp-image-10799\" \/><\/figure>\n\n\n\n<figure class=\"wp-block-image size-large\"><img loading=\"lazy\" decoding=\"async\" width=\"1920\" height=\"2560\" data-id=\"10800\" src=\"https:\/\/minaguas.gob.ve\/wp-content\/uploads\/2024\/07\/1000574053.jpg\" alt=\"\" class=\"wp-image-10800\" \/><\/figure>\n\n\n\n<figure class=\"wp-block-image size-large\"><img loading=\"lazy\" decoding=\"async\" width=\"1220\" height=\"674\" data-id=\"10802\" src=\"https:\/\/minaguas.gob.ve\/wp-content\/uploads\/2024\/07\/1000574031.jpg\" alt=\"\" class=\"wp-image-10802\" \/><\/figure>\n\n\n\n<figure class=\"wp-block-image size-large\"><img loading=\"lazy\" decoding=\"async\" width=\"1080\" height=\"810\" data-id=\"10803\" src=\"https:\/\/minaguas.gob.ve\/wp-content\/uploads\/2024\/07\/1000573952.jpg\" alt=\"\" class=\"wp-image-10803\" \/><\/figure>\n\n\n\n<figure class=\"wp-block-image size-large\"><img loading=\"lazy\" decoding=\"async\" width=\"1220\" height=\"671\" data-id=\"10804\" src=\"https:\/\/minaguas.gob.ve\/wp-content\/uploads\/2024\/07\/1000573999.jpg\" alt=\"\" class=\"wp-image-10804\" \/><\/figure>\n<\/figure>\n","protected":false},"excerpt":{"rendered":"<p>28 camiones supercisternas y activaci\u00f3n de cuatro pozos suministran el vital l\u00edquido a la poblaci\u00f3n de Cumanacoa afectada por la crecida del r\u00edo Manzanares. (Prensa MinAguas \/ Hidrocaribe 04-07-2024).- Por instrucciones del presidente de la Rep\u00fablica, Nicol\u00e1s Maduro Moros, el ministro del Poder Popular de Atenci\u00f3n de las Aguas (MinAguas), G\/D Rodolfo Marco Torres, se [&hellip;]<\/p>\n","protected":false},"author":28,"featured_media":10805,"comment_status":"open","ping_status":"open","sticky":false,"template":"","format":"standard","meta":{"footnotes":""},"categories":[1],"tags":[103,42,226,60,8,31,24,45,69],"class_list":["post-10797","post","type-post","status-publish","format-standard","has-post-thumbnail","hentry","category-noticias","tag-1x10","tag-agua-potable","tag-cumanacoa","tag-hidrocaribe","tag-nacionales","tag-pozos-profundos","tag-pueblo-trabajador-del-agua","tag-regionales","tag-sucre"],"_links":{"self":[{"href":"https:\/\/minaguas.gob.ve\/index.php?rest_route=\/wp\/v2\/posts\/10797","targetHints":{"allow":["GET"]}}],"collection":[{"href":"https:\/\/minaguas.gob.ve\/index.php?rest_route=\/wp\/v2\/posts"}],"about":[{"href":"https:\/\/minaguas.gob.ve\/index.php?rest_route=\/wp\/v2\/types\/post"}],"author":[{"embeddable":true,"href":"https:\/\/minaguas.gob.ve\/index.php?rest_route=\/wp\/v2\/users\/28"}],"replies":[{"embeddable":true,"href":"https:\/\/minaguas.gob.ve\/index.php?rest_route=%2Fwp%2Fv2%2Fcomments&post=10797"}],"version-history":[{"count":0,"href":"https:\/\/minaguas.gob.ve\/index.php?rest_route=\/wp\/v2\/posts\/10797\/revisions"}],"wp:featuredmedia":[{"embeddable":true,"href":"https:\/\/minaguas.gob.ve\/index.php?rest_route=\/wp\/v2\/media\/10805"}],"wp:attachment":[{"href":"https:\/\/minaguas.gob.ve\/index.php?rest_route=%2Fwp%2Fv2%2Fmedia&parent=10797"}],"wp:term":[{"taxonomy":"category","embeddable":true,"href":"https:\/\/minaguas.gob.ve\/index.php?rest_route=%2Fwp%2Fv2%2Fcategories&post=10797"},{"taxonomy":"post_tag","embeddable":true,"href":"https:\/\/minaguas.gob.ve\/index.php?rest_route=%2Fwp%2Fv2%2Ftags&post=10797"}],"curies":[{"name":"wp","href":"https:\/\/api.w.org\/{rel}","templated":true}]}}