{"id":10771,"date":"2024-07-04T11:44:05","date_gmt":"2024-07-04T15:44:05","guid":{"rendered":"https:\/\/minaguas.gob.ve\/?p=10771"},"modified":"2024-07-04T11:44:05","modified_gmt":"2024-07-04T15:44:05","slug":"habitantes-de-nirgua-atendidos-con-sustitucion-de-1-586-metros-de-tuberia-de-agua-potable","status":"publish","type":"post","link":"https:\/\/minaguas.gob.ve\/?p=10771","title":{"rendered":"Habitantes de Nirgua atendidos con sustituci\u00f3n de 1.586 metros de tuber\u00eda de agua potable"},"content":{"rendered":"\n<p>Dos mil familias de siete comunidades del municipio Nirgua en Yaracuy ser\u00e1n favorecidas con el servicio h\u00eddrico.<\/p>\n\n\n<div class=\"wp-block-image\">\n<figure class=\"aligncenter size-full\"><img loading=\"lazy\" decoding=\"async\" width=\"1280\" height=\"720\" src=\"https:\/\/minaguas.gob.ve\/wp-content\/uploads\/2024\/07\/1719590716719.jpg\" alt=\"\" class=\"wp-image-10775\" \/><\/figure>\n<\/div>\n\n\n<p><strong>(Prensa Aguas de Yaracuy 04-07-2024).-<\/strong>En cumplimiento de las instrucciones del presidente Nicol\u00e1s Maduro, a trav\u00e9s del\u00a0ministerio del Poder Popular de Atenci\u00f3n de las Aguas (MinAguas) y Aguas de Yaracuy, se inici\u00f3 la sustituci\u00f3n de mil 586 metros lineales de tuber\u00eda de 12 pulgadas en la comunidad El Vapor de la parroquia Salom en el municipio Nirgua, con el objetivo de garantizar la distribuci\u00f3n de agua potable a dos mil familias de siete comunidades de la jurisdicci\u00f3n.<\/p>\n\n\n\n<p>El presidente del ente h\u00eddrico, ingeniero Juan Vel\u00e1squez inform\u00f3 que gracias a la herramienta 1&#215;10 del Buen Gobierno, los residentes de las comunidades\u00a0Pueblo Viejo, Laguna Norte, Pozo de la Vaca, Prados de Talavera, Valle Verde, Las Tunitas y 13 de Marzo, ser\u00e1n beneficiados con estas acciones que garantizan un caudal de 70 litros por segundo de agua.\u00a0<\/p>\n\n\n\n<p>Explic\u00f3 que las labores consisten en reubicaci\u00f3n, sustituci\u00f3n y soldadura de\u00a0tuber\u00eda, instalaci\u00f3n de empalme y sustituci\u00f3n de equipamiento el\u00e9ctrico del pozo sumergible La Ocho (8), el cual est\u00e1 conectado a la red.<\/p>\n\n\n\n<p>Para la ejecuci\u00f3n de estos trabajos se despleg\u00f3 La Fuerza Trabajadora del Agua con maquinarias especializadas como las unidades jumbos, cuadrillas de soldadura y herramientas especiales con el prop\u00f3sito de cumplir eficientemente la recuperaci\u00f3n del sistema h\u00eddrico en la entidad yaracuyana.<\/p>\n\n\n<div class=\"wp-block-image\">\n<figure class=\"aligncenter size-full is-resized\"><img loading=\"lazy\" decoding=\"async\" width=\"1280\" height=\"720\" src=\"https:\/\/minaguas.gob.ve\/wp-content\/uploads\/2024\/07\/1719590716565.jpg\" alt=\"\" class=\"wp-image-10772\" style=\"width:840px;height:auto\" \/><\/figure>\n<\/div>\n\n<div class=\"wp-block-image\">\n<figure class=\"aligncenter size-full\"><img loading=\"lazy\" decoding=\"async\" width=\"1280\" height=\"720\" src=\"https:\/\/minaguas.gob.ve\/wp-content\/uploads\/2024\/07\/1719590716708.jpg\" alt=\"\" class=\"wp-image-10773\" \/><\/figure>\n<\/div>\n\n\n<figure class=\"wp-block-gallery has-nested-images columns-default is-cropped wp-block-gallery-1 is-layout-flex wp-block-gallery-is-layout-flex\">\n<figure class=\"wp-block-image size-large\"><img loading=\"lazy\" decoding=\"async\" width=\"1280\" height=\"720\" data-id=\"10774\" src=\"https:\/\/minaguas.gob.ve\/wp-content\/uploads\/2024\/07\/1719590716743.jpg\" alt=\"\" class=\"wp-image-10774\" \/><\/figure>\n<\/figure>\n","protected":false},"excerpt":{"rendered":"<p>Dos mil familias de siete comunidades del municipio Nirgua en Yaracuy ser\u00e1n favorecidas con el servicio h\u00eddrico. (Prensa Aguas de Yaracuy 04-07-2024).-En cumplimiento de las instrucciones del presidente Nicol\u00e1s Maduro, a trav\u00e9s del\u00a0ministerio del Poder Popular de Atenci\u00f3n de las Aguas (MinAguas) y Aguas de Yaracuy, se inici\u00f3 la sustituci\u00f3n de mil 586 metros lineales [&hellip;]<\/p>\n","protected":false},"author":28,"featured_media":10776,"comment_status":"open","ping_status":"open","sticky":false,"template":"","format":"standard","meta":{"footnotes":""},"categories":[1],"tags":[103,42,52,211,31,24,45],"class_list":["post-10771","post","type-post","status-publish","format-standard","has-post-thumbnail","hentry","category-noticias","tag-1x10","tag-agua-potable","tag-aguas-de-yaracuy","tag-nirgua","tag-pozos-profundos","tag-pueblo-trabajador-del-agua","tag-regionales"],"_links":{"self":[{"href":"https:\/\/minaguas.gob.ve\/index.php?rest_route=\/wp\/v2\/posts\/10771","targetHints":{"allow":["GET"]}}],"collection":[{"href":"https:\/\/minaguas.gob.ve\/index.php?rest_route=\/wp\/v2\/posts"}],"about":[{"href":"https:\/\/minaguas.gob.ve\/index.php?rest_route=\/wp\/v2\/types\/post"}],"author":[{"embeddable":true,"href":"https:\/\/minaguas.gob.ve\/index.php?rest_route=\/wp\/v2\/users\/28"}],"replies":[{"embeddable":true,"href":"https:\/\/minaguas.gob.ve\/index.php?rest_route=%2Fwp%2Fv2%2Fcomments&post=10771"}],"version-history":[{"count":0,"href":"https:\/\/minaguas.gob.ve\/index.php?rest_route=\/wp\/v2\/posts\/10771\/revisions"}],"wp:featuredmedia":[{"embeddable":true,"href":"https:\/\/minaguas.gob.ve\/index.php?rest_route=\/wp\/v2\/media\/10776"}],"wp:attachment":[{"href":"https:\/\/minaguas.gob.ve\/index.php?rest_route=%2Fwp%2Fv2%2Fmedia&parent=10771"}],"wp:term":[{"taxonomy":"category","embeddable":true,"href":"https:\/\/minaguas.gob.ve\/index.php?rest_route=%2Fwp%2Fv2%2Fcategories&post=10771"},{"taxonomy":"post_tag","embeddable":true,"href":"https:\/\/minaguas.gob.ve\/index.php?rest_route=%2Fwp%2Fv2%2Ftags&post=10771"}],"curies":[{"name":"wp","href":"https:\/\/api.w.org\/{rel}","templated":true}]}}