{"id":10766,"date":"2024-07-03T16:33:11","date_gmt":"2024-07-03T20:33:11","guid":{"rendered":"https:\/\/minaguas.gob.ve\/?p=10766"},"modified":"2024-07-03T16:33:11","modified_gmt":"2024-07-03T20:33:11","slug":"gobierno-bolivariano-reactivo-pozo-profundo-los-ureros-en-yaracuy-para-atender-a-718-habitantes","status":"publish","type":"post","link":"https:\/\/minaguas.gob.ve\/?p=10766","title":{"rendered":"Gobierno Bolivariano reactiv\u00f3 pozo profundo Los Ureros en Yaracuy para atender a 718 habitantes"},"content":{"rendered":"\n<p><\/p>\n\n\n<div class=\"wp-block-image\">\n<figure class=\"aligncenter size-full\"><img loading=\"lazy\" decoding=\"async\" width=\"960\" height=\"540\" src=\"https:\/\/minaguas.gob.ve\/wp-content\/uploads\/2024\/07\/1720019979113.jpg\" alt=\"\" class=\"wp-image-10767\" \/><\/figure>\n<\/div>\n\n\n<p><\/p>\n\n\n\n<p><em>Con la instalaci\u00f3n de motor y bomba de 15 HP, se garantiza la producci\u00f3n de 8 litros por segundo de agua potable<\/em><\/p>\n\n\n\n<p><strong>(Prensa MinAguas \/ Aguas de Yaracuy 03-07-2024).-<\/strong>\u00a0En el desarrollo del Mapa de Soluciones y la Agenda Concreta de Acci\u00f3n impulsado por el presidente Nicol\u00e1s Maduro, 718 habitantes son favorecidos con la reactivaci\u00f3n del pozo Los Ureros en el municipio Bol\u00edvar, tras la instalaci\u00f3n de motor y bomba de 15 HP, acci\u00f3n que garantiza 8 litros por segundo de agua potable\u00a0\u00a0para el beneficio de esta comunidad.\u00a0\u00a0<\/p>\n\n\n\n<p>El presidente del ente h\u00eddrico, ingeniero Juan Vel\u00e1squez, inform\u00f3 que los trabajos incluyeron la colocaci\u00f3n de 18 columnas UPVC de 3 pulgadas, para otorgar mayor resistencia, as\u00ed como tambi\u00e9n, se efectu\u00f3 la&nbsp;rehabilitaci\u00f3n del tablero el\u00e9ctrico&nbsp;y el desmalezamiento de \u00e1reas verdes.<\/p>\n\n\n\n<p>Destac\u00f3 que estos trabajos se llevaron a cabo en conjunto con la gobernaci\u00f3n del estado,&nbsp;alcald\u00eda de Bol\u00edvar y ministerio del Poder Popular de Atenci\u00f3n de las Aguas, (MinAguas), con el objetivo de generar un mejor vivir para los residentes.&nbsp;&nbsp;<\/p>\n\n\n\n<p>Por su parte, la habitante de Los Ureros,\u00a0Yorvelis Mart\u00ednez agradeci\u00f3 al presidente Nicol\u00e1s Maduro y a la Revoluci\u00f3n Bolivariana por poner en funcionamiento el pozo de agua potable, \u201cGracias presidente que Dios lo bendiga, desde Yaracuy cuente con nosotros; y que viva la Revoluci\u00f3n\u201d.\u00a0\u00a0<\/p>\n\n\n\n<p><\/p>\n\n\n\n<figure class=\"wp-block-gallery has-nested-images columns-default is-cropped wp-block-gallery-1 is-layout-flex wp-block-gallery-is-layout-flex\">\n<figure class=\"wp-block-image size-large\"><img loading=\"lazy\" decoding=\"async\" width=\"960\" height=\"540\" data-id=\"10768\" src=\"https:\/\/minaguas.gob.ve\/wp-content\/uploads\/2024\/07\/1719940669215.jpg\" alt=\"\" class=\"wp-image-10768\" \/><\/figure>\n\n\n\n<figure class=\"wp-block-image size-large\"><img loading=\"lazy\" decoding=\"async\" width=\"1020\" height=\"574\" data-id=\"10769\" src=\"https:\/\/minaguas.gob.ve\/wp-content\/uploads\/2024\/07\/1720019979109.jpg\" alt=\"\" class=\"wp-image-10769\" \/><\/figure>\n<\/figure>\n","protected":false},"excerpt":{"rendered":"<p>Con la instalaci\u00f3n de motor y bomba de 15 HP, se garantiza la producci\u00f3n de 8 litros por segundo de agua potable (Prensa MinAguas \/ Aguas de Yaracuy 03-07-2024).-\u00a0En el desarrollo del Mapa de Soluciones y la Agenda Concreta de Acci\u00f3n impulsado por el presidente Nicol\u00e1s Maduro, 718 habitantes son favorecidos con la reactivaci\u00f3n del [&hellip;]<\/p>\n","protected":false},"author":28,"featured_media":10767,"comment_status":"open","ping_status":"open","sticky":false,"template":"","format":"standard","meta":{"footnotes":""},"categories":[1],"tags":[42,52,31,24,45],"class_list":["post-10766","post","type-post","status-publish","format-standard","has-post-thumbnail","hentry","category-noticias","tag-agua-potable","tag-aguas-de-yaracuy","tag-pozos-profundos","tag-pueblo-trabajador-del-agua","tag-regionales"],"_links":{"self":[{"href":"https:\/\/minaguas.gob.ve\/index.php?rest_route=\/wp\/v2\/posts\/10766","targetHints":{"allow":["GET"]}}],"collection":[{"href":"https:\/\/minaguas.gob.ve\/index.php?rest_route=\/wp\/v2\/posts"}],"about":[{"href":"https:\/\/minaguas.gob.ve\/index.php?rest_route=\/wp\/v2\/types\/post"}],"author":[{"embeddable":true,"href":"https:\/\/minaguas.gob.ve\/index.php?rest_route=\/wp\/v2\/users\/28"}],"replies":[{"embeddable":true,"href":"https:\/\/minaguas.gob.ve\/index.php?rest_route=%2Fwp%2Fv2%2Fcomments&post=10766"}],"version-history":[{"count":0,"href":"https:\/\/minaguas.gob.ve\/index.php?rest_route=\/wp\/v2\/posts\/10766\/revisions"}],"wp:featuredmedia":[{"embeddable":true,"href":"https:\/\/minaguas.gob.ve\/index.php?rest_route=\/wp\/v2\/media\/10767"}],"wp:attachment":[{"href":"https:\/\/minaguas.gob.ve\/index.php?rest_route=%2Fwp%2Fv2%2Fmedia&parent=10766"}],"wp:term":[{"taxonomy":"category","embeddable":true,"href":"https:\/\/minaguas.gob.ve\/index.php?rest_route=%2Fwp%2Fv2%2Fcategories&post=10766"},{"taxonomy":"post_tag","embeddable":true,"href":"https:\/\/minaguas.gob.ve\/index.php?rest_route=%2Fwp%2Fv2%2Ftags&post=10766"}],"curies":[{"name":"wp","href":"https:\/\/api.w.org\/{rel}","templated":true}]}}