{"id":10707,"date":"2024-07-02T14:00:24","date_gmt":"2024-07-02T18:00:24","guid":{"rendered":"https:\/\/minaguas.gob.ve\/?p=10707"},"modified":"2024-07-02T14:00:24","modified_gmt":"2024-07-02T18:00:24","slug":"minaguas-entrego-1-516-metros-lineales-de-tuberia-para-proyecto-culantrillo-en-yaracuy","status":"publish","type":"post","link":"https:\/\/minaguas.gob.ve\/?p=10707","title":{"rendered":"MinAguas entreg\u00f3 1.516 metros lineales de tuber\u00eda para proyecto Culantrillo en Yaracuy"},"content":{"rendered":"\n<figure class=\"wp-block-gallery has-nested-images columns-default is-cropped wp-block-gallery-1 is-layout-flex wp-block-gallery-is-layout-flex\">\n<figure class=\"wp-block-image size-large\"><img loading=\"lazy\" decoding=\"async\" width=\"1280\" height=\"720\" data-id=\"10708\" src=\"https:\/\/minaguas.gob.ve\/wp-content\/uploads\/2024\/07\/1718721209178.jpg\" alt=\"\" class=\"wp-image-10708\" \/><\/figure>\n\n\n\n<figure class=\"wp-block-image size-large\"><img loading=\"lazy\" decoding=\"async\" width=\"1280\" height=\"720\" data-id=\"10718\" src=\"https:\/\/minaguas.gob.ve\/wp-content\/uploads\/2024\/07\/1718721209189-1.jpg\" alt=\"\" class=\"wp-image-10718\" \/><\/figure>\n<\/figure>\n\n\n\n<p><\/p>\n\n\n\n<p><em>El acueducto estima captar 40 litros por segundo de agua potable para atender a 14 comunidades de los municipios Independencia y Cocorote.<\/em><\/p>\n\n\n\n<p><strong>(Prensa MinAguas \/ Aguas de Yaracuy 02-07-2024).- <\/strong>En cumplimiento de las instrucciones del presidente Nicol\u00e1s Maduro, el ministerio del Poder Popular de Atenci\u00f3n de las Aguas (MinAguas), entreg\u00f3 mil 516 metros lineales de tuber\u00eda PEAD de 6 pulgadas destinadas al proyecto del sistema Culantrillo en el municipio Independencia, obra que se ejecuta en articulaci\u00f3n con la hidrol\u00f3gica Aguas de Yaracuy, gobernaci\u00f3n del Estado y alcald\u00eda para fortalecer el suministro de agua potable a las comunidades.<\/p>\n\n\n\n<p>Este proyecto consiste en la construcci\u00f3n de un dique toma, desarenador, tanque de almacenamiento de 200 mil litros y aducci\u00f3n de cuatro mil 200 metros lineales de tuber\u00eda, la cual ser\u00e1 captada hasta la red de distribuci\u00f3n.<\/p>\n\n\n\n<p>El presidente del ente h\u00eddrico, ingeniero Juan Vel\u00e1squez inform\u00f3 que los trabajos avanzan en una primera fase, cuya tuber\u00eda ser\u00e1 instalada desde el tanque de almacenamiento hasta la aducci\u00f3n principal para captar 40 litros por segundo de agua potable.<\/p>\n\n\n\n<p>Se\u00f1al\u00f3 que ser\u00e1n beneficiadas 14 comunidades de los municipios Independencia y Cocorote, gracias a las pol\u00edticas del presidente Nicol\u00e1s Maduro de fortalecer el servicio h\u00eddrico en la entidad y en atenci\u00f3n a la solicitud realizada a trav\u00e9s 1&#215;10 del Buen Gobierno.<\/p>\n\n\n\n<p>Por \u00faltimo, el funcionario del ente manifest\u00f3 que la clase obrera del Aguas de Yaracuy, contin\u00faa con los trabajos para mejorar sustancialmente el servicio de agua potable bajo el plan del Mapa de Soluciones y la Agenda Concreta de Acci\u00f3n.<\/p>\n","protected":false},"excerpt":{"rendered":"<p>El acueducto estima captar 40 litros por segundo de agua potable para atender a 14 comunidades de los municipios Independencia y Cocorote. (Prensa MinAguas \/ Aguas de Yaracuy 02-07-2024).- En cumplimiento de las instrucciones del presidente Nicol\u00e1s Maduro, el ministerio del Poder Popular de Atenci\u00f3n de las Aguas (MinAguas), entreg\u00f3 mil 516 metros lineales de [&hellip;]<\/p>\n","protected":false},"author":28,"featured_media":10717,"comment_status":"open","ping_status":"open","sticky":false,"template":"","format":"standard","meta":{"footnotes":""},"categories":[1],"tags":[42,52,75,24,45],"class_list":["post-10707","post","type-post","status-publish","format-standard","has-post-thumbnail","hentry","category-noticias","tag-agua-potable","tag-aguas-de-yaracuy","tag-dotacion","tag-pueblo-trabajador-del-agua","tag-regionales"],"_links":{"self":[{"href":"https:\/\/minaguas.gob.ve\/index.php?rest_route=\/wp\/v2\/posts\/10707","targetHints":{"allow":["GET"]}}],"collection":[{"href":"https:\/\/minaguas.gob.ve\/index.php?rest_route=\/wp\/v2\/posts"}],"about":[{"href":"https:\/\/minaguas.gob.ve\/index.php?rest_route=\/wp\/v2\/types\/post"}],"author":[{"embeddable":true,"href":"https:\/\/minaguas.gob.ve\/index.php?rest_route=\/wp\/v2\/users\/28"}],"replies":[{"embeddable":true,"href":"https:\/\/minaguas.gob.ve\/index.php?rest_route=%2Fwp%2Fv2%2Fcomments&post=10707"}],"version-history":[{"count":0,"href":"https:\/\/minaguas.gob.ve\/index.php?rest_route=\/wp\/v2\/posts\/10707\/revisions"}],"wp:featuredmedia":[{"embeddable":true,"href":"https:\/\/minaguas.gob.ve\/index.php?rest_route=\/wp\/v2\/media\/10717"}],"wp:attachment":[{"href":"https:\/\/minaguas.gob.ve\/index.php?rest_route=%2Fwp%2Fv2%2Fmedia&parent=10707"}],"wp:term":[{"taxonomy":"category","embeddable":true,"href":"https:\/\/minaguas.gob.ve\/index.php?rest_route=%2Fwp%2Fv2%2Fcategories&post=10707"},{"taxonomy":"post_tag","embeddable":true,"href":"https:\/\/minaguas.gob.ve\/index.php?rest_route=%2Fwp%2Fv2%2Ftags&post=10707"}],"curies":[{"name":"wp","href":"https:\/\/api.w.org\/{rel}","templated":true}]}}