{"id":107,"date":"2021-08-13T21:05:43","date_gmt":"2021-08-14T01:05:43","guid":{"rendered":"https:\/\/minaguas.gob.ve\/?p=107"},"modified":"2021-08-20T15:04:27","modified_gmt":"2021-08-20T19:04:27","slug":"pueblo-trabajador-del-agua-conmemoro-67-aniversario-del-natalicio-del-comandante-hugo-chavez","status":"publish","type":"post","link":"https:\/\/minaguas.gob.ve\/?p=107","title":{"rendered":"Pueblo Trabajador del Agua conmemor\u00f3 67\u00b0 aniversario del natalicio del Comandante Hugo Ch\u00e1vez"},"content":{"rendered":"\n<figure class=\"wp-block-image size-large\"><img loading=\"lazy\" decoding=\"async\" width=\"1024\" height=\"683\" src=\"https:\/\/minaguas.gob.ve\/wp-content\/uploads\/2021\/08\/93ba14e3-da01-42a7-9f0c-afeac03c7de3-1024x683.jpg\" alt=\"\" class=\"wp-image-133\" srcset=\"https:\/\/minaguas.gob.ve\/wp-content\/uploads\/2021\/08\/93ba14e3-da01-42a7-9f0c-afeac03c7de3-1024x683.jpg 1024w, https:\/\/minaguas.gob.ve\/wp-content\/uploads\/2021\/08\/93ba14e3-da01-42a7-9f0c-afeac03c7de3-300x200.jpg 300w, https:\/\/minaguas.gob.ve\/wp-content\/uploads\/2021\/08\/93ba14e3-da01-42a7-9f0c-afeac03c7de3-768x512.jpg 768w, https:\/\/minaguas.gob.ve\/wp-content\/uploads\/2021\/08\/93ba14e3-da01-42a7-9f0c-afeac03c7de3.jpg 1080w\" sizes=\"auto, (max-width: 1024px) 100vw, 1024px\" \/><\/figure>\n\n\n<p><strong><em>Seguidores de la causa revolucionaria rememoraron an\u00e9cdotas e historias que vivieron junto al l\u00edder bolivariano<\/em><\/strong><\/p>\n<p><strong>Prensa MinAguas (12\/08\/2021)<\/strong> La ministra del Poder Popular de Atenci\u00f3n de las Aguas, Evelyn V\u00e1squez, acompa\u00f1ada del Pueblo Trabajador del Agua, rindieron un sentido tributo al l\u00edder eterno de la Revoluci\u00f3n Bolivariana, Hugo Ch\u00e1vez, al conmemorarse 67 a\u00f1os de su nacimiento, en el marco de una emotiva agenda que se desarroll\u00f3 en el Cuartel 4F, hist\u00f3rico recinto desde donde el Comandante encabez\u00f3 la rebeli\u00f3n militar del 4 de febrero de 1992.<\/p>\n<p>En ese sentido, la titular de la cartera de Aguas resalt\u00f3 que siempre es un honor celebrar, junto al Pueblo, la vida del l\u00edder supremo de la Revoluci\u00f3n.<\/p>\n<blockquote>\n<p>\u201cEstuvimos compartiendo todas las muestras de afecto y de amor al siempre l\u00edder de la Revoluci\u00f3n, desde el Cuartel de la Monta\u00f1a, espacio que se ha convertido en \u00edcono de la lucha del Comandante Ch\u00e1vez por el Pueblo venezolano. Reiteramos nuestro compromiso y lealtad con la defensa de su legado y con su hijo, el conductor de victorias, presidente Nicol\u00e1s Maduro Moros\u201d, expres\u00f3 V\u00e1squez.<\/p>\n<\/blockquote>\n<p>Asimismo, Bautista Trinidad, trabajadora de Minaguas, record\u00f3 a Ch\u00e1vez como \u201cel hombre que nos devolvi\u00f3 la esperanza. En aquella \u00e9poca donde la mayor\u00eda de los funcionarios p\u00fablicos estaban al servicio de los intereses capitalista, el Comandante estuvo a la vanguardia de las luchas de los m\u00e1s pobres. Nos dio luz en medio de tanta oscuridad.<\/p>\n<p>La programaci\u00f3n especial fue preparada por la Fundaci\u00f3n Comandante Eterno Hugo Ch\u00e1vez, para celebrar el cumplea\u00f1os n\u00famero 67 del Gigante Invicto. La misma cont\u00f3 con la participaci\u00f3n de cantoras y cantores populares, quienes interpretaron la pieza musical \u201cUna semilla hecha canci\u00f3n\u201d, as\u00ed como la proyecci\u00f3n de un material audiovisual denominado \u201cAnecdotario\u201d, donde compa\u00f1eros de lucha del l\u00edder eterno relatan episodios vividos junto a \u00e9l, desde su paso por la c\u00e1rcel de la dignidad, hasta sus \u00faltimos d\u00edas de lucha al lado de los venezolanos.<\/p>\n<p>Luego de 67 a\u00f1os del nacimiento del Comandante Hugo Ch\u00e1vez, militantes de la Revoluci\u00f3n Bolivariana lo recuerdan como un ser humano excepcional que cambi\u00f3 el curso de la historia patria, devolviendo la dignidad a todo el Pueblo con su \u201cpor ahora\u201d que, tras a\u00f1os de luchas reivindicativas, se convirti\u00f3 en un \u201cpara siempre\u201d.<\/p>\n\n\n<figure class=\"wp-block-gallery columns-3 is-cropped wp-block-gallery-1 is-layout-flex wp-block-gallery-is-layout-flex\"><ul class=\"blocks-gallery-grid\"><li class=\"blocks-gallery-item\"><figure><img loading=\"lazy\" decoding=\"async\" width=\"1024\" height=\"683\" src=\"https:\/\/minaguas.gob.ve\/wp-content\/uploads\/2021\/08\/358c5d95-a1d2-4eac-bf73-e794deb1fbe8-1024x683.jpg\" alt=\"\" data-id=\"136\" data-full-url=\"https:\/\/minaguas.gob.ve\/wp-content\/uploads\/2021\/08\/358c5d95-a1d2-4eac-bf73-e794deb1fbe8.jpg\" data-link=\"https:\/\/minaguas.gob.ve\/?attachment_id=136\" class=\"wp-image-136\" srcset=\"https:\/\/minaguas.gob.ve\/wp-content\/uploads\/2021\/08\/358c5d95-a1d2-4eac-bf73-e794deb1fbe8-1024x683.jpg 1024w, https:\/\/minaguas.gob.ve\/wp-content\/uploads\/2021\/08\/358c5d95-a1d2-4eac-bf73-e794deb1fbe8-300x200.jpg 300w, https:\/\/minaguas.gob.ve\/wp-content\/uploads\/2021\/08\/358c5d95-a1d2-4eac-bf73-e794deb1fbe8-768x512.jpg 768w, https:\/\/minaguas.gob.ve\/wp-content\/uploads\/2021\/08\/358c5d95-a1d2-4eac-bf73-e794deb1fbe8.jpg 1080w\" sizes=\"auto, (max-width: 1024px) 100vw, 1024px\" \/><\/figure><\/li><li class=\"blocks-gallery-item\"><figure><img loading=\"lazy\" decoding=\"async\" width=\"1024\" height=\"683\" src=\"https:\/\/minaguas.gob.ve\/wp-content\/uploads\/2021\/08\/b37307f4-3158-4b74-91f0-f440673ae505-1024x683.jpg\" alt=\"\" data-id=\"146\" data-full-url=\"https:\/\/minaguas.gob.ve\/wp-content\/uploads\/2021\/08\/b37307f4-3158-4b74-91f0-f440673ae505.jpg\" data-link=\"https:\/\/minaguas.gob.ve\/?attachment_id=146\" class=\"wp-image-146\" srcset=\"https:\/\/minaguas.gob.ve\/wp-content\/uploads\/2021\/08\/b37307f4-3158-4b74-91f0-f440673ae505-1024x683.jpg 1024w, https:\/\/minaguas.gob.ve\/wp-content\/uploads\/2021\/08\/b37307f4-3158-4b74-91f0-f440673ae505-300x200.jpg 300w, https:\/\/minaguas.gob.ve\/wp-content\/uploads\/2021\/08\/b37307f4-3158-4b74-91f0-f440673ae505-768x512.jpg 768w, https:\/\/minaguas.gob.ve\/wp-content\/uploads\/2021\/08\/b37307f4-3158-4b74-91f0-f440673ae505.jpg 1080w\" sizes=\"auto, (max-width: 1024px) 100vw, 1024px\" \/><\/figure><\/li><li class=\"blocks-gallery-item\"><figure><img loading=\"lazy\" decoding=\"async\" width=\"1024\" height=\"683\" src=\"https:\/\/minaguas.gob.ve\/wp-content\/uploads\/2021\/08\/e1ea75d0-f4a3-4b01-a375-f7a4ccd7ffaa-1024x683.jpg\" alt=\"\" data-id=\"154\" data-full-url=\"https:\/\/minaguas.gob.ve\/wp-content\/uploads\/2021\/08\/e1ea75d0-f4a3-4b01-a375-f7a4ccd7ffaa.jpg\" data-link=\"https:\/\/minaguas.gob.ve\/?attachment_id=154\" class=\"wp-image-154\" srcset=\"https:\/\/minaguas.gob.ve\/wp-content\/uploads\/2021\/08\/e1ea75d0-f4a3-4b01-a375-f7a4ccd7ffaa-1024x683.jpg 1024w, https:\/\/minaguas.gob.ve\/wp-content\/uploads\/2021\/08\/e1ea75d0-f4a3-4b01-a375-f7a4ccd7ffaa-300x200.jpg 300w, https:\/\/minaguas.gob.ve\/wp-content\/uploads\/2021\/08\/e1ea75d0-f4a3-4b01-a375-f7a4ccd7ffaa-768x512.jpg 768w, https:\/\/minaguas.gob.ve\/wp-content\/uploads\/2021\/08\/e1ea75d0-f4a3-4b01-a375-f7a4ccd7ffaa.jpg 1080w\" sizes=\"auto, (max-width: 1024px) 100vw, 1024px\" \/><\/figure><\/li><li class=\"blocks-gallery-item\"><figure><img loading=\"lazy\" decoding=\"async\" width=\"1024\" height=\"683\" src=\"https:\/\/minaguas.gob.ve\/wp-content\/uploads\/2021\/08\/58b0f505-94d0-403c-9511-b491580f78d1-1024x683.jpg\" alt=\"\" data-id=\"130\" data-full-url=\"https:\/\/minaguas.gob.ve\/wp-content\/uploads\/2021\/08\/58b0f505-94d0-403c-9511-b491580f78d1.jpg\" data-link=\"https:\/\/minaguas.gob.ve\/?attachment_id=130\" class=\"wp-image-130\" srcset=\"https:\/\/minaguas.gob.ve\/wp-content\/uploads\/2021\/08\/58b0f505-94d0-403c-9511-b491580f78d1-1024x683.jpg 1024w, https:\/\/minaguas.gob.ve\/wp-content\/uploads\/2021\/08\/58b0f505-94d0-403c-9511-b491580f78d1-300x200.jpg 300w, https:\/\/minaguas.gob.ve\/wp-content\/uploads\/2021\/08\/58b0f505-94d0-403c-9511-b491580f78d1-768x512.jpg 768w, https:\/\/minaguas.gob.ve\/wp-content\/uploads\/2021\/08\/58b0f505-94d0-403c-9511-b491580f78d1.jpg 1080w\" sizes=\"auto, (max-width: 1024px) 100vw, 1024px\" \/><\/figure><\/li><li class=\"blocks-gallery-item\"><figure><img loading=\"lazy\" decoding=\"async\" width=\"1024\" height=\"683\" src=\"https:\/\/minaguas.gob.ve\/wp-content\/uploads\/2021\/08\/3ca5ae39-3d3e-4a7d-bc04-4961b75951fd-1024x683.jpg\" alt=\"\" data-id=\"121\" data-full-url=\"https:\/\/minaguas.gob.ve\/wp-content\/uploads\/2021\/08\/3ca5ae39-3d3e-4a7d-bc04-4961b75951fd.jpg\" data-link=\"https:\/\/minaguas.gob.ve\/?attachment_id=121\" class=\"wp-image-121\" srcset=\"https:\/\/minaguas.gob.ve\/wp-content\/uploads\/2021\/08\/3ca5ae39-3d3e-4a7d-bc04-4961b75951fd-1024x683.jpg 1024w, https:\/\/minaguas.gob.ve\/wp-content\/uploads\/2021\/08\/3ca5ae39-3d3e-4a7d-bc04-4961b75951fd-300x200.jpg 300w, https:\/\/minaguas.gob.ve\/wp-content\/uploads\/2021\/08\/3ca5ae39-3d3e-4a7d-bc04-4961b75951fd-768x512.jpg 768w, https:\/\/minaguas.gob.ve\/wp-content\/uploads\/2021\/08\/3ca5ae39-3d3e-4a7d-bc04-4961b75951fd.jpg 1080w\" sizes=\"auto, (max-width: 1024px) 100vw, 1024px\" \/><\/figure><\/li><\/ul><\/figure>\n","protected":false},"excerpt":{"rendered":"<p>Pueblo Trabajador del Agua, rindieron un sentido tributo al l\u00edder eterno de la Revoluci\u00f3n Bolivariana, Hugo Ch\u00e1vez, al conmemorarse 67 a\u00f1os de su nacimiento, en el marco de una emotiva agenda que se desarroll\u00f3 en el Cuartel 4F, hist\u00f3rico recinto desde donde el Comandante encabez\u00f3 la rebeli\u00f3n militar del 4 de febrero de 1992<\/p>\n","protected":false},"author":2,"featured_media":133,"comment_status":"open","ping_status":"open","sticky":false,"template":"","format":"standard","meta":{"footnotes":""},"categories":[1],"tags":[12],"class_list":["post-107","post","type-post","status-publish","format-standard","has-post-thumbnail","hentry","category-noticias","tag-desde-el-cuartel-de-la-montana"],"_links":{"self":[{"href":"https:\/\/minaguas.gob.ve\/index.php?rest_route=\/wp\/v2\/posts\/107","targetHints":{"allow":["GET"]}}],"collection":[{"href":"https:\/\/minaguas.gob.ve\/index.php?rest_route=\/wp\/v2\/posts"}],"about":[{"href":"https:\/\/minaguas.gob.ve\/index.php?rest_route=\/wp\/v2\/types\/post"}],"author":[{"embeddable":true,"href":"https:\/\/minaguas.gob.ve\/index.php?rest_route=\/wp\/v2\/users\/2"}],"replies":[{"embeddable":true,"href":"https:\/\/minaguas.gob.ve\/index.php?rest_route=%2Fwp%2Fv2%2Fcomments&post=107"}],"version-history":[{"count":0,"href":"https:\/\/minaguas.gob.ve\/index.php?rest_route=\/wp\/v2\/posts\/107\/revisions"}],"wp:featuredmedia":[{"embeddable":true,"href":"https:\/\/minaguas.gob.ve\/index.php?rest_route=\/wp\/v2\/media\/133"}],"wp:attachment":[{"href":"https:\/\/minaguas.gob.ve\/index.php?rest_route=%2Fwp%2Fv2%2Fmedia&parent=107"}],"wp:term":[{"taxonomy":"category","embeddable":true,"href":"https:\/\/minaguas.gob.ve\/index.php?rest_route=%2Fwp%2Fv2%2Fcategories&post=107"},{"taxonomy":"post_tag","embeddable":true,"href":"https:\/\/minaguas.gob.ve\/index.php?rest_route=%2Fwp%2Fv2%2Ftags&post=107"}],"curies":[{"name":"wp","href":"https:\/\/api.w.org\/{rel}","templated":true}]}}