{"id":10689,"date":"2024-07-01T18:00:34","date_gmt":"2024-07-01T22:00:34","guid":{"rendered":"https:\/\/minaguas.gob.ve\/?p=10689"},"modified":"2024-07-01T18:00:34","modified_gmt":"2024-07-01T22:00:34","slug":"gobierno-bolivariano-activo-estacion-de-bombeo-la-dolorita-y-pozo-profundo-la-ensenada-en-miranda","status":"publish","type":"post","link":"https:\/\/minaguas.gob.ve\/?p=10689","title":{"rendered":"Gobierno Bolivariano activ\u00f3 estaci\u00f3n de bombeo La Dolorita y pozo profundo La Ensenada en Miranda"},"content":{"rendered":"\n<p><em>M\u00e1s de 54 mil habitantes atendidos con la puesta en marcha de ambas instalaciones h\u00eddricas<\/em>.<\/p>\n\n\n\n<figure class=\"wp-block-embed aligncenter is-type-rich is-provider-twitter wp-block-embed-twitter\"><div class=\"wp-block-embed__wrapper\">\nhttps:\/\/twitter.com\/RMarcoTorres\/status\/1807874762116681779\n<\/div><\/figure>\n\n\n\n<p><strong>(Prensa MinAguas \/ Hidrocapital 01-07-2024).- <\/strong>En respuesta al 1&#215;10 del Buen Gobierno, el ministro del Poder Popular de Atenci\u00f3n de las Aguas, G\/D Rodolfo Marco Torres, junto con el gobernador del estado Miranda, H\u00e9ctor Rodr\u00edguez; el alcalde del municipio Sucre, Jos\u00e9 Vicente Rangel y el presidente de Hidrocapital, ingeniero Carlos Mast, reactivaron la estaci\u00f3n de bombeo La Dolorita, tras la rehabilitaci\u00f3n integral que se llev\u00f3 a cabo en esta instalaci\u00f3n h\u00eddrica que aporta 40 litros de agua por segundo.<\/p>\n\n\n\n<p>Esta estructura atender\u00e1 a m\u00e1s de 50 mil habitantes de los sectores Las Tapias, 17 de Diciembre, La Frontera, Mata Palo, Juan XXXII, Enmanuel, Metro Cable, Chorrito, Bol\u00edvar, El Lindero, urbanizaci\u00f3n Lira, 12 de Octubre, El Guamo, El Tanque, Las Tres Jota, El Limoncito, Turumo, Turumito y Ciudad Mariches.<\/p>\n\n\n\n<p>Los trabajos consistieron en la instalaci\u00f3n de dos grupos de bombeo nuevos de 150 Hp, dos v\u00e1lvulas reguladoras de caudal, configuraci\u00f3n de tuber\u00eda y acondicionamiento de tableros el\u00e9ctricos.<\/p>\n\n\n\n<p>En paralelo, las autoridades activaron el pozo profundo La Ensenada, ubicado en la parroquia La Dolorita, a fin de abastecer a unos cuatro mil habitantes e incorporar un total de 123 litros por segundo de agua al sistema de distribuci\u00f3n.<\/p>\n\n\n\n<p>\u201cYa hemos avanzado en muchas zonas de silencio y esta es una de ellas con motor, bomba, cajet\u00edn, tanque para el abastecimiento y \u00bfQui\u00e9n lo va a cuidar? la comunidad, el Poder Popular es responsable de tener estas estructuras totalmente operativas\u201d, enfatiz\u00f3 Marco Torres.<\/p>\n\n\n\n<p>Adem\u00e1s, se\u00f1al\u00f3 que MinAguas e Hidrocapital trabajan en 108 acciones en materia de agua potable y aguas servidas para darle respuesta al Pueblo de Caracas, Miranda y La Guaira, cumpliendo las instrucciones del presidente Nicol\u00e1s Maduro.<\/p>\n\n\n\n<figure class=\"wp-block-gallery has-nested-images columns-default is-cropped wp-block-gallery-1 is-layout-flex wp-block-gallery-is-layout-flex\">\n<figure class=\"wp-block-image size-large\"><img loading=\"lazy\" decoding=\"async\" width=\"1280\" height=\"853\" data-id=\"10690\" src=\"https:\/\/minaguas.gob.ve\/wp-content\/uploads\/2024\/07\/WhatsApp-Image-2024-07-01-at-5.47.58-PM-2.jpeg\" alt=\"\" class=\"wp-image-10690\" \/><\/figure>\n\n\n\n<figure class=\"wp-block-image size-large\"><img loading=\"lazy\" decoding=\"async\" width=\"1280\" height=\"853\" data-id=\"10692\" src=\"https:\/\/minaguas.gob.ve\/wp-content\/uploads\/2024\/07\/WhatsApp-Image-2024-07-01-at-5.47.59-PM.jpeg\" alt=\"\" class=\"wp-image-10692\" \/><\/figure>\n<\/figure>\n\n\n\n<figure class=\"wp-block-gallery has-nested-images columns-default is-cropped wp-block-gallery-2 is-layout-flex wp-block-gallery-is-layout-flex\">\n<figure class=\"wp-block-image size-large\"><img loading=\"lazy\" decoding=\"async\" width=\"1280\" height=\"853\" data-id=\"10693\" src=\"https:\/\/minaguas.gob.ve\/wp-content\/uploads\/2024\/07\/WhatsApp-Image-2024-07-01-at-5.48.03-PM-2.jpeg\" alt=\"\" class=\"wp-image-10693\" \/><\/figure>\n\n\n\n<figure class=\"wp-block-image size-full\"><img loading=\"lazy\" decoding=\"async\" width=\"1280\" height=\"853\" data-id=\"10695\" src=\"https:\/\/minaguas.gob.ve\/wp-content\/uploads\/2024\/07\/WhatsApp-Image-2024-07-01-at-5.47.57-PM.jpeg\" alt=\"\" class=\"wp-image-10695\" \/><\/figure>\n<\/figure>\n\n\n\n<figure class=\"wp-block-gallery has-nested-images columns-default is-cropped wp-block-gallery-3 is-layout-flex wp-block-gallery-is-layout-flex\">\n<figure class=\"wp-block-image size-large\"><img loading=\"lazy\" decoding=\"async\" width=\"2560\" height=\"1706\" data-id=\"10696\" src=\"https:\/\/minaguas.gob.ve\/wp-content\/uploads\/2024\/07\/WhatsApp-Image-2024-07-01-at-5.47.59-PM-2.jpeg\" alt=\"\" class=\"wp-image-10696\" \/><\/figure>\n\n\n\n<figure class=\"wp-block-image size-large\"><img loading=\"lazy\" decoding=\"async\" width=\"2560\" height=\"1706\" data-id=\"10697\" src=\"https:\/\/minaguas.gob.ve\/wp-content\/uploads\/2024\/07\/WhatsApp-Image-2024-07-01-at-5.47.59-PM-1-1.jpeg\" alt=\"\" class=\"wp-image-10697\" \/><\/figure>\n<\/figure>\n\n\n\n<figure class=\"wp-block-gallery has-nested-images columns-default is-cropped wp-block-gallery-4 is-layout-flex wp-block-gallery-is-layout-flex\">\n<figure class=\"wp-block-image size-large\"><img loading=\"lazy\" decoding=\"async\" width=\"1280\" height=\"853\" data-id=\"10698\" src=\"https:\/\/minaguas.gob.ve\/wp-content\/uploads\/2024\/07\/WhatsApp-Image-2024-07-01-at-5.48.02-PM-1.jpeg\" alt=\"\" class=\"wp-image-10698\" \/><\/figure>\n\n\n\n<figure class=\"wp-block-image size-large\"><img loading=\"lazy\" decoding=\"async\" width=\"1280\" height=\"853\" data-id=\"10699\" src=\"https:\/\/minaguas.gob.ve\/wp-content\/uploads\/2024\/07\/WhatsApp-Image-2024-07-01-at-5.48.02-PM.jpeg\" alt=\"\" class=\"wp-image-10699\" \/><\/figure>\n<\/figure>\n","protected":false},"excerpt":{"rendered":"<p>M\u00e1s de 54 mil habitantes atendidos con la puesta en marcha de ambas instalaciones h\u00eddricas. (Prensa MinAguas \/ Hidrocapital 01-07-2024).- En respuesta al 1&#215;10 del Buen Gobierno, el ministro del Poder Popular de Atenci\u00f3n de las Aguas, G\/D Rodolfo Marco Torres, junto con el gobernador del estado Miranda, H\u00e9ctor Rodr\u00edguez; el alcalde del municipio Sucre, [&hellip;]<\/p>\n","protected":false},"author":28,"featured_media":10700,"comment_status":"open","ping_status":"open","sticky":false,"template":"","format":"standard","meta":{"footnotes":""},"categories":[1],"tags":[103,42,13,36,225,97,8,31,24,45],"class_list":["post-10689","post","type-post","status-publish","format-standard","has-post-thumbnail","hentry","category-noticias","tag-1x10","tag-agua-potable","tag-brippas","tag-hidrocapital","tag-la-dolorita","tag-miranda","tag-nacionales","tag-pozos-profundos","tag-pueblo-trabajador-del-agua","tag-regionales"],"_links":{"self":[{"href":"https:\/\/minaguas.gob.ve\/index.php?rest_route=\/wp\/v2\/posts\/10689","targetHints":{"allow":["GET"]}}],"collection":[{"href":"https:\/\/minaguas.gob.ve\/index.php?rest_route=\/wp\/v2\/posts"}],"about":[{"href":"https:\/\/minaguas.gob.ve\/index.php?rest_route=\/wp\/v2\/types\/post"}],"author":[{"embeddable":true,"href":"https:\/\/minaguas.gob.ve\/index.php?rest_route=\/wp\/v2\/users\/28"}],"replies":[{"embeddable":true,"href":"https:\/\/minaguas.gob.ve\/index.php?rest_route=%2Fwp%2Fv2%2Fcomments&post=10689"}],"version-history":[{"count":0,"href":"https:\/\/minaguas.gob.ve\/index.php?rest_route=\/wp\/v2\/posts\/10689\/revisions"}],"wp:featuredmedia":[{"embeddable":true,"href":"https:\/\/minaguas.gob.ve\/index.php?rest_route=\/wp\/v2\/media\/10700"}],"wp:attachment":[{"href":"https:\/\/minaguas.gob.ve\/index.php?rest_route=%2Fwp%2Fv2%2Fmedia&parent=10689"}],"wp:term":[{"taxonomy":"category","embeddable":true,"href":"https:\/\/minaguas.gob.ve\/index.php?rest_route=%2Fwp%2Fv2%2Fcategories&post=10689"},{"taxonomy":"post_tag","embeddable":true,"href":"https:\/\/minaguas.gob.ve\/index.php?rest_route=%2Fwp%2Fv2%2Ftags&post=10689"}],"curies":[{"name":"wp","href":"https:\/\/api.w.org\/{rel}","templated":true}]}}