{"id":10664,"date":"2024-06-29T20:17:34","date_gmt":"2024-06-30T00:17:34","guid":{"rendered":"https:\/\/minaguas.gob.ve\/?p=10664"},"modified":"2024-06-29T20:17:43","modified_gmt":"2024-06-30T00:17:43","slug":"gobierno-bolivariano-ejecuta-108-acciones-para-consolidar-el-servicio-hidrico-en-la-gran-caracas","status":"publish","type":"post","link":"https:\/\/minaguas.gob.ve\/?p=10664","title":{"rendered":"Gobierno Bolivariano ejecuta 108 acciones para consolidar el servicio h\u00eddrico en La Gran Caracas"},"content":{"rendered":"<div class=\"wp-block-image\">\n<figure class=\"aligncenter size-full\"><img loading=\"lazy\" decoding=\"async\" width=\"1280\" height=\"720\" src=\"https:\/\/minaguas.gob.ve\/wp-content\/uploads\/2024\/06\/photo_4902319764244901466_y.jpg\" alt=\"\" class=\"wp-image-10665\" \/><\/figure>\n<\/div>\n\n\n<p><\/p>\n\n\n\n<p><strong>(Prensa MinAguas 29-06-2024).- <\/strong>El ministro del Poder Popular de Atenci\u00f3n de las Aguas, G\/D Rodolfo Marco Torres, sostuvo una mesa de trabajo junto con el presidente de Hidrocapital, ingeniero Carlos Mast y la gerente general de operaciones y mantenimiento, ingeniera Jimdriska Valdivieso, para evaluar el plan de acci\u00f3n que permita consolidar el sistema h\u00eddrico en Caracas, Miranda y La Guaira.<\/p>\n\n\n\n<p>El titular de la cartera de Aguas se\u00f1al\u00f3 que, en cumplimiento de las instrucciones del presidente de la Rep\u00fablica, Nicol\u00e1s Maduro Moros, en 15 d\u00edas estar\u00e1 operativa la estaci\u00f3n de bombeo G\u00fcere G\u00fcere para beneficio de 12 mil personas de Santa Luc\u00eda en el estado Miranda.<\/p>\n\n\n\n<p>Asimismo, inform\u00f3 que contin\u00faan los trabajos de rehabilitaci\u00f3n del sistema Maya-Picure, el cual atender\u00e1 a 30 mil habitantes del eje oeste del estado La Guaira, con la producci\u00f3n de 600 litros de agua por segundo.<\/p>\n\n\n\n<p>En ese sentido, el ministro detall\u00f3 que Hidrocapital cuenta con m\u00e1s del 90 % de efectividad en el sistema 1&#215;10 del Buen Gobierno en materia de agua potable y aguas servidas.<\/p>\n\n\n\n<p>\u201cEstamos evaluando 108 acciones positivas para avanzar, en un despliegue completo en todos nuestros sistemas de bombeo para darle respuesta a nuestro Pueblo\u201d, a\u00f1adi\u00f3 Marco Torres.<\/p>\n\n\n\n<p>De esta manera, MinAguas trabaja de manera articulada con las 17 hidrol\u00f3gicas del pa\u00eds, a fin de consolidar el sistema h\u00eddrico y brindar la mayor suma de felicidad al Pueblo venezolano.<\/p>\n\n\n\n<figure class=\"wp-block-gallery has-nested-images columns-default is-cropped wp-block-gallery-1 is-layout-flex wp-block-gallery-is-layout-flex\">\n<figure class=\"wp-block-image size-large\"><img loading=\"lazy\" decoding=\"async\" width=\"1280\" height=\"720\" data-id=\"10666\" src=\"https:\/\/minaguas.gob.ve\/wp-content\/uploads\/2024\/06\/photo_4902319764244901469_y.jpg\" alt=\"\" class=\"wp-image-10666\" \/><\/figure>\n\n\n\n<figure class=\"wp-block-image size-full\"><img loading=\"lazy\" decoding=\"async\" width=\"640\" height=\"304\" data-id=\"10672\" src=\"https:\/\/minaguas.gob.ve\/wp-content\/uploads\/2024\/06\/foto-4.jpg\" alt=\"\" class=\"wp-image-10672\" \/><\/figure>\n<\/figure>\n","protected":false},"excerpt":{"rendered":"<p>(Prensa MinAguas 29-06-2024).- El ministro del Poder Popular de Atenci\u00f3n de las Aguas, G\/D Rodolfo Marco Torres, sostuvo una mesa de trabajo junto con el presidente de Hidrocapital, ingeniero Carlos Mast y la gerente general de operaciones y mantenimiento, ingeniera Jimdriska Valdivieso, para evaluar el plan de acci\u00f3n que permita consolidar el sistema h\u00eddrico en [&hellip;]<\/p>\n","protected":false},"author":28,"featured_media":10665,"comment_status":"open","ping_status":"open","sticky":false,"template":"","format":"standard","meta":{"footnotes":""},"categories":[1],"tags":[49,42,36,24,45],"class_list":["post-10664","post","type-post","status-publish","format-standard","has-post-thumbnail","hentry","category-noticias","tag-1x10-del-buen-gobierno","tag-agua-potable","tag-hidrocapital","tag-pueblo-trabajador-del-agua","tag-regionales"],"_links":{"self":[{"href":"https:\/\/minaguas.gob.ve\/index.php?rest_route=\/wp\/v2\/posts\/10664","targetHints":{"allow":["GET"]}}],"collection":[{"href":"https:\/\/minaguas.gob.ve\/index.php?rest_route=\/wp\/v2\/posts"}],"about":[{"href":"https:\/\/minaguas.gob.ve\/index.php?rest_route=\/wp\/v2\/types\/post"}],"author":[{"embeddable":true,"href":"https:\/\/minaguas.gob.ve\/index.php?rest_route=\/wp\/v2\/users\/28"}],"replies":[{"embeddable":true,"href":"https:\/\/minaguas.gob.ve\/index.php?rest_route=%2Fwp%2Fv2%2Fcomments&post=10664"}],"version-history":[{"count":0,"href":"https:\/\/minaguas.gob.ve\/index.php?rest_route=\/wp\/v2\/posts\/10664\/revisions"}],"wp:featuredmedia":[{"embeddable":true,"href":"https:\/\/minaguas.gob.ve\/index.php?rest_route=\/wp\/v2\/media\/10665"}],"wp:attachment":[{"href":"https:\/\/minaguas.gob.ve\/index.php?rest_route=%2Fwp%2Fv2%2Fmedia&parent=10664"}],"wp:term":[{"taxonomy":"category","embeddable":true,"href":"https:\/\/minaguas.gob.ve\/index.php?rest_route=%2Fwp%2Fv2%2Fcategories&post=10664"},{"taxonomy":"post_tag","embeddable":true,"href":"https:\/\/minaguas.gob.ve\/index.php?rest_route=%2Fwp%2Fv2%2Ftags&post=10664"}],"curies":[{"name":"wp","href":"https:\/\/api.w.org\/{rel}","templated":true}]}}