{"id":10566,"date":"2024-06-20T15:01:22","date_gmt":"2024-06-20T19:01:22","guid":{"rendered":"https:\/\/minaguas.gob.ve\/?p=10566"},"modified":"2024-06-20T15:37:23","modified_gmt":"2024-06-20T19:37:23","slug":"poblacion-de-tucani-en-merida-cuenta-con-nuevo-pozo-profundo-entregado-por-el-gobierno-nacional","status":"publish","type":"post","link":"https:\/\/minaguas.gob.ve\/?p=10566","title":{"rendered":"Poblaci\u00f3n de Tucan\u00ed en M\u00e9rida cuenta con nuevo pozo profundo entregado por el Gobierno Nacional"},"content":{"rendered":"\n<p><em>Con la instalaci\u00f3n de un motor de 30 HP y bomba de 20 HP, la fuente subterr\u00e1nea producir\u00e1 m\u00e1s de 35 litros por segundo para atender a 3.750 meride\u00f1os.<\/em><\/p>\n\n\n\n<figure class=\"wp-block-embed is-type-video is-provider-youtube wp-block-embed-youtube wp-embed-aspect-16-9 wp-has-aspect-ratio\"><div class=\"wp-block-embed__wrapper\">\n<iframe loading=\"lazy\" title=\"Ministro Marco Torres inaugur\u00f3 el Pozo Zona Nueva en M\u00e9rida \ud83d\udca6\" width=\"640\" height=\"360\" src=\"https:\/\/www.youtube.com\/embed\/CQyWd9CigMg?feature=oembed\" frameborder=\"0\" allow=\"accelerometer; autoplay; clipboard-write; encrypted-media; gyroscope; picture-in-picture; web-share\" referrerpolicy=\"strict-origin-when-cross-origin\" allowfullscreen><\/iframe>\n<\/div><\/figure>\n\n\n\n<p><strong>(Prensa MinAguas 20-06-2024).- <\/strong>A partir de este mi\u00e9rcoles 19 de junio, el Pueblo meride\u00f1o, espec\u00edficamente del sector Tucan\u00ed en el municipio Caracciolo Parra y Olmedo, cuentan con un nuevo pozo profundo entregado por el Gobierno del presidente Nicol\u00e1s Maduro Moros, el cual producir\u00e1 m\u00e1s de 35 litros por segundo (LPS) de agua para atender a m\u00e1s de 3 mil 700 habitantes.<\/p>\n\n\n\n<p>En trabajo articulado entre el ministerio del Poder Popular de Atenci\u00f3n de las Aguas, la gobernaci\u00f3n del estado M\u00e9rida y de la mano con el Poder Popular organizado, se logr\u00f3 la activaci\u00f3n del Pozo Zona Nueva con la instalaci\u00f3n de equipamiento de motor y bomba de 30 y 20 HP, 60 metros de tuber\u00eda, 100 metros de cableado sumergible y construcci\u00f3n de un punto de llenado para cisternas, obra destinada a mejorar la producci\u00f3n de agua potable directa a los hogares de 750 familias.<\/p>\n\n\n\n<p>\u00abEs parte del plan de acci\u00f3n del 1&#215;10 del Buen Gobierno, este extraordinario pozo con motor de 30 HP, bomba de 20 HP y una producci\u00f3n de 35 LPS de caudal que va a beneficiar a 3 mil 700 habitantes de la zona. Llevarle el vital l\u00edquido y darle respuesta al Pueblo es la orden de nuestro presidente Nicol\u00e1s Maduro\u00bb, enfatiz\u00f3 el ministro del Poder Popular de Atenci\u00f3n de las Aguas, G\/D Rodolfo Marco Torres, durante el acto de entrega a las comunidades de la localidad.<\/p>\n\n\n\n<figure class=\"wp-block-gallery has-nested-images columns-default is-cropped wp-block-gallery-1 is-layout-flex wp-block-gallery-is-layout-flex\"><div class=\"wp-block-image\">\n<figure class=\"aligncenter size-large\"><img loading=\"lazy\" decoding=\"async\" width=\"836\" height=\"676\" data-id=\"10567\" src=\"https:\/\/minaguas.gob.ve\/wp-content\/uploads\/2024\/06\/WhatsApp-Image-2024-06-20-at-2.48.42-PM-1.jpeg\" alt=\"\" class=\"wp-image-10567\" \/><\/figure>\n<\/div><\/figure>\n\n\n\n<p>Por su parte, el Gobernador de la entidad, Jehyson Guzm\u00e1n, destac\u00f3 que \u00abeste municipio tiene al presidente Nicol\u00e1s Maduro, un gobierno regional y el Poder Popular que viene recuperando junto los beneficios para las comunidades\u00bb, como parte del plan de fortalecimiento del servicio h\u00eddrico en la regi\u00f3n andina.<\/p>\n\n\n\n<p>Los protagonistas de la activaci\u00f3n de esta fuente subterr\u00e1nea fueron las comunidades del sector, quienes en la vocer\u00eda de la jefa de la UBCH, Magaly Estupi\u00f1an, expres\u00f3 \u00abprimeramente gracias a Dios Todopoderoso, desde aqu\u00ed conjuntamente con nuestro gobernador, nuestro ministro de Aguas, el Poder Popular que es vanguardia de la Revoluci\u00f3n, le queremos dar las gracias se\u00f1or presidente Nicol\u00e1s Maduro y cuenta con nosotros para este 28 de julio\u00bb.<\/p>\n\n\n\n<p>El MinAguas y el gobierno regional, a trav\u00e9s de la hidrol\u00f3gica Aguas de M\u00e9rida, se despliegan en todo el territorio meride\u00f1o con el objetivo de mejorar la operatividad del servicio h\u00eddrico y avanzar hacia la meta del 95 % de efectividad en la atenci\u00f3n al 1&#215;10 del Buen Gobierno.<\/p>\n\n\n\n<figure class=\"wp-block-gallery has-nested-images columns-default is-cropped wp-block-gallery-2 is-layout-flex wp-block-gallery-is-layout-flex\">\n<figure class=\"wp-block-image size-large\"><img loading=\"lazy\" decoding=\"async\" width=\"985\" height=\"670\" data-id=\"10568\" src=\"https:\/\/minaguas.gob.ve\/wp-content\/uploads\/2024\/06\/WhatsApp-Image-2024-06-20-at-2.48.42-PM-2.jpeg\" alt=\"\" class=\"wp-image-10568\" \/><\/figure>\n\n\n\n<figure class=\"wp-block-image size-large\"><img loading=\"lazy\" decoding=\"async\" width=\"881\" height=\"665\" data-id=\"10569\" src=\"https:\/\/minaguas.gob.ve\/wp-content\/uploads\/2024\/06\/WhatsApp-Image-2024-06-20-at-2.48.42-PM-3.jpeg\" alt=\"\" class=\"wp-image-10569\" \/><\/figure>\n<\/figure>\n\n\n\n<figure class=\"wp-block-gallery has-nested-images columns-default is-cropped wp-block-gallery-3 is-layout-flex wp-block-gallery-is-layout-flex\">\n<figure class=\"wp-block-image size-large\"><img loading=\"lazy\" decoding=\"async\" width=\"949\" height=\"673\" data-id=\"10570\" src=\"https:\/\/minaguas.gob.ve\/wp-content\/uploads\/2024\/06\/WhatsApp-Image-2024-06-20-at-2.48.41-PM-1.jpeg\" alt=\"\" class=\"wp-image-10570\" \/><\/figure>\n\n\n\n<figure class=\"wp-block-image size-large\"><img loading=\"lazy\" decoding=\"async\" width=\"906\" height=\"671\" data-id=\"10571\" src=\"https:\/\/minaguas.gob.ve\/wp-content\/uploads\/2024\/06\/WhatsApp-Image-2024-06-20-at-2.48.42-PM-4.jpeg\" alt=\"\" class=\"wp-image-10571\" \/><\/figure>\n<\/figure>\n","protected":false},"excerpt":{"rendered":"<p>Con la instalaci\u00f3n de un motor de 30 HP y bomba de 20 HP, la fuente subterr\u00e1nea producir\u00e1 m\u00e1s de 35 litros por segundo para atender a 3.750 meride\u00f1os. (Prensa MinAguas 20-06-2024).- A partir de este mi\u00e9rcoles 19 de junio, el Pueblo meride\u00f1o, espec\u00edficamente del sector Tucan\u00ed en el municipio Caracciolo Parra y Olmedo, cuentan [&hellip;]<\/p>\n","protected":false},"author":28,"featured_media":10572,"comment_status":"open","ping_status":"open","sticky":false,"template":"","format":"standard","meta":{"footnotes":""},"categories":[1],"tags":[103,42,76,156,31,24,45,186],"class_list":["post-10566","post","type-post","status-publish","format-standard","has-post-thumbnail","hentry","category-noticias","tag-1x10","tag-agua-potable","tag-aguas-de-merida","tag-merida","tag-pozos-profundos","tag-pueblo-trabajador-del-agua","tag-regionales","tag-tucani"],"_links":{"self":[{"href":"https:\/\/minaguas.gob.ve\/index.php?rest_route=\/wp\/v2\/posts\/10566","targetHints":{"allow":["GET"]}}],"collection":[{"href":"https:\/\/minaguas.gob.ve\/index.php?rest_route=\/wp\/v2\/posts"}],"about":[{"href":"https:\/\/minaguas.gob.ve\/index.php?rest_route=\/wp\/v2\/types\/post"}],"author":[{"embeddable":true,"href":"https:\/\/minaguas.gob.ve\/index.php?rest_route=\/wp\/v2\/users\/28"}],"replies":[{"embeddable":true,"href":"https:\/\/minaguas.gob.ve\/index.php?rest_route=%2Fwp%2Fv2%2Fcomments&post=10566"}],"version-history":[{"count":0,"href":"https:\/\/minaguas.gob.ve\/index.php?rest_route=\/wp\/v2\/posts\/10566\/revisions"}],"wp:featuredmedia":[{"embeddable":true,"href":"https:\/\/minaguas.gob.ve\/index.php?rest_route=\/wp\/v2\/media\/10572"}],"wp:attachment":[{"href":"https:\/\/minaguas.gob.ve\/index.php?rest_route=%2Fwp%2Fv2%2Fmedia&parent=10566"}],"wp:term":[{"taxonomy":"category","embeddable":true,"href":"https:\/\/minaguas.gob.ve\/index.php?rest_route=%2Fwp%2Fv2%2Fcategories&post=10566"},{"taxonomy":"post_tag","embeddable":true,"href":"https:\/\/minaguas.gob.ve\/index.php?rest_route=%2Fwp%2Fv2%2Ftags&post=10566"}],"curies":[{"name":"wp","href":"https:\/\/api.w.org\/{rel}","templated":true}]}}