{"id":10438,"date":"2024-06-17T12:20:35","date_gmt":"2024-06-17T16:20:35","guid":{"rendered":"https:\/\/minaguas.gob.ve\/?p=10438"},"modified":"2024-06-17T12:20:35","modified_gmt":"2024-06-17T16:20:35","slug":"gobierno-bolivariano-activo-plan-especial-para-mejorar-el-sistema-hidrico-en-yaracuy","status":"publish","type":"post","link":"https:\/\/minaguas.gob.ve\/?p=10438","title":{"rendered":"Gobierno Bolivariano activ\u00f3 plan especial para mejorar el sistema h\u00eddrico en Yaracuy"},"content":{"rendered":"\n<p><em>Con este proyecto se activan cinco pozos profundos en los municipios Independencia y San Felipe, los cuales atender\u00e1n al 45 % de los habitantes del \u00e1rea metropolitana de la entidad.<\/em><\/p>\n\n\n<div class=\"wp-block-image\">\n<figure class=\"aligncenter size-full\"><img loading=\"lazy\" decoding=\"async\" width=\"1600\" height=\"900\" src=\"https:\/\/minaguas.gob.ve\/wp-content\/uploads\/2024\/06\/WhatsApp-Image-2024-06-17-at-12.16.58-PM-1.jpeg\" alt=\"\" class=\"wp-image-10439\" \/><\/figure>\n<\/div>\n\n\n<p><strong>(Prensa MinAguas \/ Aguas de Yaracuy 17-06-2024).-<\/strong>\u00a0En atenci\u00f3n a las instrucciones del presidente de la Rep\u00fablica, Nicol\u00e1s Maduro, el gobernador del estado bolivariano de Yaracuy, Julio Le\u00f3n Heredia, en conjunto con la hidrol\u00f3gica de la entidad, activ\u00f3 el plan especial para mejorar el sistema h\u00eddrico con el objetivo de captar nuevas fuentes de abastecimiento alternos a los sistemas existentes de distribuci\u00f3n en la entidad yaracuyana.<\/p>\n\n\n\n<p>Este plan contempla la perforaci\u00f3n de cinco pozos profundos en los municipios Independencia y San Felipe, el cual forma parte de la atenci\u00f3n de los gobiernos de calle y por la herramienta 1&#215;10 del Buen Gobierno.<\/p>\n\n\n\n<p>El presidente de Aguas de Yaracuy, ingeniero Juan Vel\u00e1squez, manifest\u00f3 que gracias al apoyo incondicional del jefe de Estado a trav\u00e9s del ministerio del poder popular de Atenci\u00f3n a las Aguas, (MinAguas), fueron asignados los recursos para la ejecuci\u00f3n de las obras que atender\u00e1n a m\u00e1s de 65 comunidades de ambas jurisdicciones.<\/p>\n\n\n\n<p>Explic\u00f3 que en el municipio Independencia, se realizan tres importantes proyectos para impactar directamente al 45 por ciento de la poblaci\u00f3n, tal es el caso de la construcci\u00f3n de dos pozos profundos en las comunidades Brisas del Terminal y Juventud, as\u00ed como tambi\u00e9n el proyecto sistema culantrillo, que consiste en la construcci\u00f3n de un dique toma, desarenador, tanque de almacenamiento de 200 mil litros y aducci\u00f3n de 4,2 kil\u00f3metros de tuber\u00eda de 6 pulgadas, la cual ser\u00e1 captada hasta la red de distribuci\u00f3n.<\/p>\n\n\n\n<p>Asimismo, Vel\u00e1squez se\u00f1al\u00f3 que en los pr\u00f3ximos d\u00edas iniciar\u00e1n los trabajos de perforaci\u00f3n de tres pozos profundos en los sectores Mercedes, Tapias 2 y Andr\u00e9s Eloy Blanco, ubicados en el municipio San Felipe y de esta manera mejorar la distribuci\u00f3n del agua potable al 45 por ciento de las comunidades del casco centro de la ciudad capital.<\/p>\n\n\n\n<p>Por su parte, la habitante de la comunidad Brisas del Terminal, Ingrid Pi\u00f1a, agradeci\u00f3 al presidente Nicol\u00e1s Maduro por impulsar este plan que fortalecer\u00e1 el servicio de agua potable en la comunidad. \u201cAc\u00e1 estamos haciendo contralor\u00eda en esta perforaci\u00f3n del pozo que abastecer\u00e1 a seis sectores del municipio\u201d, expres\u00f3.<\/p>\n\n\n\n<p>Por \u00faltimo, la m\u00e1xima autoridad de la hidrol\u00f3gica resalt\u00f3 los avances que vienen realizando desde MinAguas y la Gobernaci\u00f3n del estado, con respecto a mejorar el sistema h\u00eddrico rumbo al 95 % de efectividad en la atenci\u00f3n al 1&#215;10. \u00a0<\/p>\n\n\n\n<figure class=\"wp-block-gallery has-nested-images columns-default is-cropped wp-block-gallery-1 is-layout-flex wp-block-gallery-is-layout-flex\">\n<figure class=\"wp-block-image size-large\"><img loading=\"lazy\" decoding=\"async\" width=\"1600\" height=\"900\" data-id=\"10440\" src=\"https:\/\/minaguas.gob.ve\/wp-content\/uploads\/2024\/06\/WhatsApp-Image-2024-06-17-at-12.16.58-PM-2.jpeg\" alt=\"\" class=\"wp-image-10440\" \/><\/figure>\n\n\n\n<figure class=\"wp-block-image size-large\"><img loading=\"lazy\" decoding=\"async\" width=\"1600\" height=\"900\" data-id=\"10441\" src=\"https:\/\/minaguas.gob.ve\/wp-content\/uploads\/2024\/06\/WhatsApp-Image-2024-06-17-at-12.16.58-PM.jpeg\" alt=\"\" class=\"wp-image-10441\" \/><\/figure>\n<\/figure>\n\n\n\n<figure class=\"wp-block-gallery has-nested-images columns-default is-cropped wp-block-gallery-2 is-layout-flex wp-block-gallery-is-layout-flex\">\n<figure class=\"wp-block-image size-large\"><img loading=\"lazy\" decoding=\"async\" width=\"1600\" height=\"720\" data-id=\"10442\" src=\"https:\/\/minaguas.gob.ve\/wp-content\/uploads\/2024\/06\/WhatsApp-Image-2024-06-17-at-12.16.58-PM-3.jpeg\" alt=\"\" class=\"wp-image-10442\" \/><\/figure>\n\n\n\n<figure class=\"wp-block-image size-large\"><img loading=\"lazy\" decoding=\"async\" width=\"1280\" height=\"720\" data-id=\"10443\" src=\"https:\/\/minaguas.gob.ve\/wp-content\/uploads\/2024\/06\/WhatsApp-Image-2024-06-17-at-12.16.58-PM-4.jpeg\" alt=\"\" class=\"wp-image-10443\" \/><\/figure>\n<\/figure>\n","protected":false},"excerpt":{"rendered":"<p>Con este proyecto se activan cinco pozos profundos en los municipios Independencia y San Felipe, los cuales atender\u00e1n al 45 % de los habitantes del \u00e1rea metropolitana de la entidad. (Prensa MinAguas \/ Aguas de Yaracuy 17-06-2024).-\u00a0En atenci\u00f3n a las instrucciones del presidente de la Rep\u00fablica, Nicol\u00e1s Maduro, el gobernador del estado bolivariano de Yaracuy, [&hellip;]<\/p>\n","protected":false},"author":28,"featured_media":10444,"comment_status":"open","ping_status":"open","sticky":false,"template":"","format":"standard","meta":{"footnotes":""},"categories":[1],"tags":[103,52,31,24,45,44],"class_list":["post-10438","post","type-post","status-publish","format-standard","has-post-thumbnail","hentry","category-noticias","tag-1x10","tag-aguas-de-yaracuy","tag-pozos-profundos","tag-pueblo-trabajador-del-agua","tag-regionales","tag-yaracuy"],"_links":{"self":[{"href":"https:\/\/minaguas.gob.ve\/index.php?rest_route=\/wp\/v2\/posts\/10438","targetHints":{"allow":["GET"]}}],"collection":[{"href":"https:\/\/minaguas.gob.ve\/index.php?rest_route=\/wp\/v2\/posts"}],"about":[{"href":"https:\/\/minaguas.gob.ve\/index.php?rest_route=\/wp\/v2\/types\/post"}],"author":[{"embeddable":true,"href":"https:\/\/minaguas.gob.ve\/index.php?rest_route=\/wp\/v2\/users\/28"}],"replies":[{"embeddable":true,"href":"https:\/\/minaguas.gob.ve\/index.php?rest_route=%2Fwp%2Fv2%2Fcomments&post=10438"}],"version-history":[{"count":0,"href":"https:\/\/minaguas.gob.ve\/index.php?rest_route=\/wp\/v2\/posts\/10438\/revisions"}],"wp:featuredmedia":[{"embeddable":true,"href":"https:\/\/minaguas.gob.ve\/index.php?rest_route=\/wp\/v2\/media\/10444"}],"wp:attachment":[{"href":"https:\/\/minaguas.gob.ve\/index.php?rest_route=%2Fwp%2Fv2%2Fmedia&parent=10438"}],"wp:term":[{"taxonomy":"category","embeddable":true,"href":"https:\/\/minaguas.gob.ve\/index.php?rest_route=%2Fwp%2Fv2%2Fcategories&post=10438"},{"taxonomy":"post_tag","embeddable":true,"href":"https:\/\/minaguas.gob.ve\/index.php?rest_route=%2Fwp%2Fv2%2Ftags&post=10438"}],"curies":[{"name":"wp","href":"https:\/\/api.w.org\/{rel}","templated":true}]}}