{"id":10377,"date":"2024-06-11T16:20:32","date_gmt":"2024-06-11T20:20:32","guid":{"rendered":"https:\/\/minaguas.gob.ve\/?p=10377"},"modified":"2024-06-11T16:20:32","modified_gmt":"2024-06-11T20:20:32","slug":"hidrocentro-sustituyo-tuberia-de-aguas-servidas-en-el-sector-francisco-de-miranda-en-aragua","status":"publish","type":"post","link":"https:\/\/minaguas.gob.ve\/?p=10377","title":{"rendered":"Hidrocentro sustituy\u00f3 tuber\u00eda de aguas servidas en el sector Francisco de Miranda en Aragua"},"content":{"rendered":"\n<p><\/p>\n\n\n\n<p><em>Los trabajos responden a la atenci\u00f3n de los reportes generados por el Poder Popular a trav\u00e9s del 1&#215;10 del Buen Gobierno<\/em><\/p>\n\n\n\n<p><strong>(Prensa MinAguas \/ Hidrocentro 10-06-2024).- <\/strong>Con la finalidad de mejorar la recolecci\u00f3n de aguas servidas, el equipo de la Hidrol\u00f3gica del Centro (Hidrocentro) sustituy\u00f3 un tramo de colector en el sector I del barrio Francisco de Miranda, ubicado en la parroquia Villa de Cura, municipio Zamora del estado Aragua.<\/p>\n\n\n\n<p>El presidente de Hidrocentro, Leonel Ruiz, inform\u00f3: \u201cLos planes del presidente Nicol\u00e1s Maduro, como el 1&#215;10 del Buen Gobierno, han permitido a la Hidrol\u00f3gica desarrollar estrategias de atenci\u00f3n en materia de agua potable y servidas, tal como el Plan Cayapa, para ofrecer respuestas oportunas a las comunidades\u201d.<\/p>\n\n\n\n<p>Ruiz explic\u00f3 que el personal de Hidrocentro, ente adscrito al ministerio del Poder Popular de Atenci\u00f3n de las Aguas (MinAguas), tras una inspecci\u00f3n realizada determin\u00f3 la aver\u00eda de las tuber\u00edas de concreto que recogen las aguas residuales del lugar; motivo por el cual se procedi\u00f3 a la sustituci\u00f3n de 12 metros de colector de 8 pulgadas de di\u00e1metro, beneficiando a m\u00e1s de 50 familias de la comunidad.<\/p>\n\n\n\n<p>El jefe de UBCH, Jes\u00fas Gallardo, expres\u00f3: \u201cGracias al Presidente y a la Ven App, nuestro reporte fue atendido r\u00e1pidamente por parte de Hidrocentro, lo cual alivi\u00f3 la preocupaci\u00f3n de los vecinos respecto a la situaci\u00f3n de las aguas servidas\u201d.<\/p>\n\n\n\n<p>Finalmente, la m\u00e1xima autoridad de la Hidrol\u00f3gica resalt\u00f3: \u00abEstos trabajos son el resultado del esfuerzo entre Hidrocentro y el ministerio del Poder Popular de Atenci\u00f3n de las Aguas para llegar a la meta del 95 % y mejorar el sistema h\u00eddrico en Aragua, Carabobo y Cojedes<\/p>\n\n\n\n<figure class=\"wp-block-gallery has-nested-images columns-default is-cropped wp-block-gallery-1 is-layout-flex wp-block-gallery-is-layout-flex\">\n<figure class=\"wp-block-image size-large\"><img loading=\"lazy\" decoding=\"async\" width=\"720\" height=\"406\" data-id=\"10378\" src=\"https:\/\/minaguas.gob.ve\/wp-content\/uploads\/2024\/06\/IMG-20240610-WA0014.jpg\" alt=\"\" class=\"wp-image-10378\" \/><\/figure>\n\n\n\n<figure class=\"wp-block-image size-large\"><img loading=\"lazy\" decoding=\"async\" width=\"576\" height=\"677\" data-id=\"10379\" src=\"https:\/\/minaguas.gob.ve\/wp-content\/uploads\/2024\/06\/IMG-20240610-WA0016.jpg\" alt=\"\" class=\"wp-image-10379\" \/><\/figure>\n<\/figure>\n\n\n\n<p><\/p>\n","protected":false},"excerpt":{"rendered":"<p>Los trabajos responden a la atenci\u00f3n de los reportes generados por el Poder Popular a trav\u00e9s del 1&#215;10 del Buen Gobierno (Prensa MinAguas \/ Hidrocentro 10-06-2024).- Con la finalidad de mejorar la recolecci\u00f3n de aguas servidas, el equipo de la Hidrol\u00f3gica del Centro (Hidrocentro) sustituy\u00f3 un tramo de colector en el sector I del barrio [&hellip;]<\/p>\n","protected":false},"author":28,"featured_media":10378,"comment_status":"open","ping_status":"open","sticky":false,"template":"","format":"standard","meta":{"footnotes":""},"categories":[1],"tags":[49,77,68,24,45],"class_list":["post-10377","post","type-post","status-publish","format-standard","has-post-thumbnail","hentry","category-noticias","tag-1x10-del-buen-gobierno","tag-aguas-servidas","tag-hidrocentro","tag-pueblo-trabajador-del-agua","tag-regionales"],"_links":{"self":[{"href":"https:\/\/minaguas.gob.ve\/index.php?rest_route=\/wp\/v2\/posts\/10377","targetHints":{"allow":["GET"]}}],"collection":[{"href":"https:\/\/minaguas.gob.ve\/index.php?rest_route=\/wp\/v2\/posts"}],"about":[{"href":"https:\/\/minaguas.gob.ve\/index.php?rest_route=\/wp\/v2\/types\/post"}],"author":[{"embeddable":true,"href":"https:\/\/minaguas.gob.ve\/index.php?rest_route=\/wp\/v2\/users\/28"}],"replies":[{"embeddable":true,"href":"https:\/\/minaguas.gob.ve\/index.php?rest_route=%2Fwp%2Fv2%2Fcomments&post=10377"}],"version-history":[{"count":0,"href":"https:\/\/minaguas.gob.ve\/index.php?rest_route=\/wp\/v2\/posts\/10377\/revisions"}],"wp:featuredmedia":[{"embeddable":true,"href":"https:\/\/minaguas.gob.ve\/index.php?rest_route=\/wp\/v2\/media\/10378"}],"wp:attachment":[{"href":"https:\/\/minaguas.gob.ve\/index.php?rest_route=%2Fwp%2Fv2%2Fmedia&parent=10377"}],"wp:term":[{"taxonomy":"category","embeddable":true,"href":"https:\/\/minaguas.gob.ve\/index.php?rest_route=%2Fwp%2Fv2%2Fcategories&post=10377"},{"taxonomy":"post_tag","embeddable":true,"href":"https:\/\/minaguas.gob.ve\/index.php?rest_route=%2Fwp%2Fv2%2Ftags&post=10377"}],"curies":[{"name":"wp","href":"https:\/\/api.w.org\/{rel}","templated":true}]}}