{"id":1033,"date":"2021-07-27T11:37:00","date_gmt":"2021-07-27T15:37:00","guid":{"rendered":"https:\/\/minaguas.gob.ve\/?p=1033"},"modified":"2021-09-14T11:39:45","modified_gmt":"2021-09-14T15:39:45","slug":"minaguas-entrego-cartas-de-culminacion-a-pasantes-de-la-ubv","status":"publish","type":"post","link":"https:\/\/minaguas.gob.ve\/?p=1033","title":{"rendered":"MinAguas entreg\u00f3 cartas de culminaci\u00f3n a pasantes de la UBV"},"content":{"rendered":"\n<div class=\"wp-block-image\"><figure class=\"aligncenter size-large\"><img loading=\"lazy\" decoding=\"async\" width=\"1024\" height=\"683\" src=\"https:\/\/minaguas.gob.ve\/wp-content\/uploads\/2021\/09\/WhatsApp-Image-2021-07-27-at-5.36.43-PM-1-1024x683.jpeg\" alt=\"\" class=\"wp-image-1034\" srcset=\"https:\/\/minaguas.gob.ve\/wp-content\/uploads\/2021\/09\/WhatsApp-Image-2021-07-27-at-5.36.43-PM-1-1024x683.jpeg 1024w, https:\/\/minaguas.gob.ve\/wp-content\/uploads\/2021\/09\/WhatsApp-Image-2021-07-27-at-5.36.43-PM-1-300x200.jpeg 300w, https:\/\/minaguas.gob.ve\/wp-content\/uploads\/2021\/09\/WhatsApp-Image-2021-07-27-at-5.36.43-PM-1-768x512.jpeg 768w, https:\/\/minaguas.gob.ve\/wp-content\/uploads\/2021\/09\/WhatsApp-Image-2021-07-27-at-5.36.43-PM-1.jpeg 1080w\" sizes=\"auto, (max-width: 1024px) 100vw, 1024px\" \/><\/figure><\/div>\n\n\n\n<p><strong><em>La titular de la cartera de Aguas asegur\u00f3 que esta fase de formaci\u00f3n acad\u00e9mica constituye un importante aporte en la construcci\u00f3n del nuevo modelo de gesti\u00f3n<br><\/em><br>Prensa MinAguas (27-07-2021).- <\/strong>Los estudiantes del Programa de Formaci\u00f3n de Grado de Relaciones Internacionales de la Universidad Bolivariana de Venezuela (UBV) recibieron de manos de la ministra del Poder Popular de Atenci\u00f3n de las Aguas, Evelyn V\u00e1squez, y la rectora de esta casa de estudios, Sandra Oblitas, la carta de culminaci\u00f3n del per\u00edodo de pasant\u00edas efectuadas en la Oficina de Integraci\u00f3n y Asuntos Internacionales. \u00a0<\/p>\n\n\n\n<p>Durante la ceremonia la ministra Evelyn V\u00e1squez asegur\u00f3 que las pasant\u00edas realizadas por estos estudiantes significan un profundo aporte en la construcci\u00f3n de un nuevo modelo de gesti\u00f3n, de conocimiento y de todo el trabajo relacionado con la agenda internacional, con miras al intercambio soberano con nuestros pueblos hermanos del mundo.&nbsp;<\/p>\n\n\n\n<p>De igual manera, resalt\u00f3 que este proceso de pasant\u00edas fue alcanzado venciendo dificultades a la cual se sobrepusieron y triunfaron, aplicando nuevos m\u00e9todos para alcanzar esta importante meta acad\u00e9mica.<\/p>\n\n\n\n<p>Destac\u00f3 que ambas instituciones han acordado la realizaci\u00f3n de varias tareas conjuntas en las pr\u00f3ximas semanas para seguir profundizando en la nueva cultura del agua.<\/p>\n\n\n\n<p>Por su parte, la rectora de la UBV, Sandra Oblitas, mostr\u00f3 su satisfacci\u00f3n al ver culminado este proceso que, a trav\u00e9s de MinAguas, ofrece un gran aporte a la Patria.&nbsp;<\/p>\n\n\n\n<p>\u201cEs de gran ayuda que los estudiantes de Estudios Internacionales puedan contar con el respaldo de este Ministerio, que ha facilitado que los estudiantes adquieran conocimientos en aspectos tan importantes como lo es la diplomacia desde la perspectiva del recurso h\u00eddrico, con base en su importancia no solo en nuestro pa\u00eds sino en los pa\u00edses nuestro americanos\u201d, precis\u00f3. &nbsp;<\/p>\n\n\n\n<p>Este proceso de pasant\u00edas se desarroll\u00f3 en el marco del convenio entre MinAguas y el Ministerio del Poder Popular de Educaci\u00f3n Universitaria, y cont\u00f3 con la participaci\u00f3n de ocho estudiantes, quienes adquirieron conocimientos en torno a la importancia de los recursos h\u00eddricos y su gesti\u00f3n a nivel internacional.<\/p>\n\n\n\n<p>La estudiante Misley Baute mostr\u00f3 su agradecimiento por la oportunidad de efectuar estas pasant\u00edas que le permitieron conocer c\u00f3mo se maneja el tema h\u00eddrico internacionalmente. Asimismo, solicit\u00f3 a las autoridades mantener el convenio institucional para beneficiar a muchos m\u00e1s estudiantes de este programa de formaci\u00f3n educativo.<\/p>\n\n\n\n<p>En este mismo orden de ideas, el estudiante Jos\u00e9 Gregorio Jim\u00e9nez D\u00edaz asegur\u00f3 que con este tipo de mecanismos de cooperaci\u00f3n institucional es posible que los estudiantes puedan profundizar los conocimientos en materia geopol\u00edtica, puesto que considera que el agua debe ser vista como un bien estrat\u00e9gico que las naciones deben preservar para beneficio de la humanidad.<\/p>\n\n\n\n<figure class=\"wp-block-gallery columns-2 is-cropped wp-block-gallery-1 is-layout-flex wp-block-gallery-is-layout-flex\"><ul class=\"blocks-gallery-grid\"><li class=\"blocks-gallery-item\"><figure><img loading=\"lazy\" decoding=\"async\" width=\"1024\" height=\"683\" src=\"https:\/\/minaguas.gob.ve\/wp-content\/uploads\/2021\/09\/WhatsApp-Image-2021-07-27-at-5.36.37-PM-1024x683.jpeg\" alt=\"\" data-id=\"1035\" data-full-url=\"https:\/\/minaguas.gob.ve\/wp-content\/uploads\/2021\/09\/WhatsApp-Image-2021-07-27-at-5.36.37-PM.jpeg\" data-link=\"https:\/\/minaguas.gob.ve\/?attachment_id=1035\" class=\"wp-image-1035\" srcset=\"https:\/\/minaguas.gob.ve\/wp-content\/uploads\/2021\/09\/WhatsApp-Image-2021-07-27-at-5.36.37-PM-1024x683.jpeg 1024w, https:\/\/minaguas.gob.ve\/wp-content\/uploads\/2021\/09\/WhatsApp-Image-2021-07-27-at-5.36.37-PM-300x200.jpeg 300w, https:\/\/minaguas.gob.ve\/wp-content\/uploads\/2021\/09\/WhatsApp-Image-2021-07-27-at-5.36.37-PM-768x512.jpeg 768w, https:\/\/minaguas.gob.ve\/wp-content\/uploads\/2021\/09\/WhatsApp-Image-2021-07-27-at-5.36.37-PM.jpeg 1080w\" sizes=\"auto, (max-width: 1024px) 100vw, 1024px\" \/><\/figure><\/li><li class=\"blocks-gallery-item\"><figure><img loading=\"lazy\" decoding=\"async\" width=\"1024\" height=\"683\" src=\"https:\/\/minaguas.gob.ve\/wp-content\/uploads\/2021\/09\/WhatsApp-Image-2021-07-27-at-5.36.42-PM-1-1024x683.jpeg\" alt=\"\" data-id=\"1036\" data-full-url=\"https:\/\/minaguas.gob.ve\/wp-content\/uploads\/2021\/09\/WhatsApp-Image-2021-07-27-at-5.36.42-PM-1.jpeg\" data-link=\"https:\/\/minaguas.gob.ve\/?attachment_id=1036\" class=\"wp-image-1036\" srcset=\"https:\/\/minaguas.gob.ve\/wp-content\/uploads\/2021\/09\/WhatsApp-Image-2021-07-27-at-5.36.42-PM-1-1024x683.jpeg 1024w, https:\/\/minaguas.gob.ve\/wp-content\/uploads\/2021\/09\/WhatsApp-Image-2021-07-27-at-5.36.42-PM-1-300x200.jpeg 300w, https:\/\/minaguas.gob.ve\/wp-content\/uploads\/2021\/09\/WhatsApp-Image-2021-07-27-at-5.36.42-PM-1-768x512.jpeg 768w, https:\/\/minaguas.gob.ve\/wp-content\/uploads\/2021\/09\/WhatsApp-Image-2021-07-27-at-5.36.42-PM-1.jpeg 1080w\" sizes=\"auto, (max-width: 1024px) 100vw, 1024px\" \/><\/figure><\/li><\/ul><\/figure>\n","protected":false},"excerpt":{"rendered":"<p>La titular de la cartera de Aguas asegur\u00f3 que esta fase de formaci\u00f3n acad\u00e9mica constituye un importante aporte en la construcci\u00f3n del nuevo modelo de gesti\u00f3nPrensa MinAguas (27-07-2021).- Los estudiantes del Programa de Formaci\u00f3n de Grado de Relaciones Internacionales de la Universidad Bolivariana de Venezuela (UBV) recibieron de manos de la ministra del Poder Popular [&hellip;]<\/p>\n","protected":false},"author":28,"featured_media":1034,"comment_status":"open","ping_status":"open","sticky":false,"template":"","format":"standard","meta":{"footnotes":""},"categories":[1],"tags":[8],"class_list":["post-1033","post","type-post","status-publish","format-standard","has-post-thumbnail","hentry","category-noticias","tag-nacionales"],"_links":{"self":[{"href":"https:\/\/minaguas.gob.ve\/index.php?rest_route=\/wp\/v2\/posts\/1033","targetHints":{"allow":["GET"]}}],"collection":[{"href":"https:\/\/minaguas.gob.ve\/index.php?rest_route=\/wp\/v2\/posts"}],"about":[{"href":"https:\/\/minaguas.gob.ve\/index.php?rest_route=\/wp\/v2\/types\/post"}],"author":[{"embeddable":true,"href":"https:\/\/minaguas.gob.ve\/index.php?rest_route=\/wp\/v2\/users\/28"}],"replies":[{"embeddable":true,"href":"https:\/\/minaguas.gob.ve\/index.php?rest_route=%2Fwp%2Fv2%2Fcomments&post=1033"}],"version-history":[{"count":0,"href":"https:\/\/minaguas.gob.ve\/index.php?rest_route=\/wp\/v2\/posts\/1033\/revisions"}],"wp:featuredmedia":[{"embeddable":true,"href":"https:\/\/minaguas.gob.ve\/index.php?rest_route=\/wp\/v2\/media\/1034"}],"wp:attachment":[{"href":"https:\/\/minaguas.gob.ve\/index.php?rest_route=%2Fwp%2Fv2%2Fmedia&parent=1033"}],"wp:term":[{"taxonomy":"category","embeddable":true,"href":"https:\/\/minaguas.gob.ve\/index.php?rest_route=%2Fwp%2Fv2%2Fcategories&post=1033"},{"taxonomy":"post_tag","embeddable":true,"href":"https:\/\/minaguas.gob.ve\/index.php?rest_route=%2Fwp%2Fv2%2Ftags&post=1033"}],"curies":[{"name":"wp","href":"https:\/\/api.w.org\/{rel}","templated":true}]}}