{"id":10140,"date":"2024-05-31T16:37:26","date_gmt":"2024-05-31T20:37:26","guid":{"rendered":"https:\/\/minaguas.gob.ve\/?p=10140"},"modified":"2024-05-31T16:37:26","modified_gmt":"2024-05-31T20:37:26","slug":"185-habitantes-del-conjunto-residencial-villas-libertad-en-merida-recibieron-atencion-a-traves-del-1x10-del-buen-gobierno","status":"publish","type":"post","link":"https:\/\/minaguas.gob.ve\/?p=10140","title":{"rendered":"185 habitantes del conjunto residencial Villas Libertad en M\u00e9rida recibieron atenci\u00f3n a trav\u00e9s del 1&#215;10 del Buen Gobierno"},"content":{"rendered":"\n<p><strong>(Prensa MinAguas \/ Aguas de M\u00e9rida 31-05-2024).- <\/strong>La Fuerza Trabajadora de Aguas de M\u00e9rida, en cumplimiento de los lineamientos del presidente Nicol\u00e1s Maduro, atendi\u00f3 el reporte de los habitantes del conjunto residencial Villas Libertad, ubicado en la parroquia San Juan del municipio Sucre, quienes solicitaron la reparaci\u00f3n de una aver\u00eda que imped\u00eda el \u00f3ptimo servicio de agua potable, tarea que benefici\u00f3 a 185 habitantes.<\/p>\n\n\n\n<p>Los trabajadores de la hidrol\u00f3gica realizaron la excavaci\u00f3n en el \u00e1rea externa del edificio para efectuar la correcci\u00f3n de la aver\u00eda de agua potable en la toma multifamiliar e instalar posteriormente 2 uniones r\u00e1pidas de PEAD de 63 mil\u00edmetros, un adaptador macho de PEAD de 63 mil\u00edmetros x 2 pulgadas y dos v\u00e1lvulas de compuerta de bronce roscada.<\/p>\n\n\n\n<p>La presidenta de Aguas de M\u00e9rida, Leida M\u00e1rquez, indic\u00f3 que las cuadrillas de la hidrol\u00f3gica se mantienen desplegadas con el prop\u00f3sito de cumplir con el 95 % para el fortalecimiento del sistema h\u00eddrico en la regi\u00f3n, en trabajo articulado con el MinAgua y el gobernador Jehyson Guzm\u00e1n.<\/p>\n\n\n\n<p>Finalmente, el vocero de la comunidad, H\u00e9ctor Aparicio, agradeci\u00f3 al presidente Nicol\u00e1s Maduro y al equipo de trabajadores de Aguas de M\u00e9rida por haber dado respuesta al reporte efectuado a trav\u00e9s del sistema 1&#215;10 del Buen Gobierno, \u201choy tenemos un mejor servicio de agua potable gracias a la Revoluci\u00f3n\u201d, sostuvo Aparicio.<\/p>\n\n\n\n<figure class=\"wp-block-gallery has-nested-images columns-default is-cropped wp-block-gallery-1 is-layout-flex wp-block-gallery-is-layout-flex\">\n<figure class=\"wp-block-image size-large\"><img loading=\"lazy\" decoding=\"async\" width=\"960\" height=\"544\" data-id=\"10141\" src=\"https:\/\/minaguas.gob.ve\/wp-content\/uploads\/2024\/05\/IMG-20240527-WA0008.jpg\" alt=\"\" class=\"wp-image-10141\" \/><\/figure>\n\n\n\n<figure class=\"wp-block-image size-large\"><img loading=\"lazy\" decoding=\"async\" width=\"544\" height=\"674\" data-id=\"10142\" src=\"https:\/\/minaguas.gob.ve\/wp-content\/uploads\/2024\/05\/IMG-20240527-WA0006.jpg\" alt=\"\" class=\"wp-image-10142\" \/><\/figure>\n<\/figure>\n","protected":false},"excerpt":{"rendered":"<p>(Prensa MinAguas \/ Aguas de M\u00e9rida 31-05-2024).- La Fuerza Trabajadora de Aguas de M\u00e9rida, en cumplimiento de los lineamientos del presidente Nicol\u00e1s Maduro, atendi\u00f3 el reporte de los habitantes del conjunto residencial Villas Libertad, ubicado en la parroquia San Juan del municipio Sucre, quienes solicitaron la reparaci\u00f3n de una aver\u00eda que imped\u00eda el \u00f3ptimo servicio [&hellip;]<\/p>\n","protected":false},"author":28,"featured_media":10141,"comment_status":"open","ping_status":"open","sticky":false,"template":"","format":"standard","meta":{"footnotes":""},"categories":[1],"tags":[49,42,76,24,45],"class_list":["post-10140","post","type-post","status-publish","format-standard","has-post-thumbnail","hentry","category-noticias","tag-1x10-del-buen-gobierno","tag-agua-potable","tag-aguas-de-merida","tag-pueblo-trabajador-del-agua","tag-regionales"],"_links":{"self":[{"href":"https:\/\/minaguas.gob.ve\/index.php?rest_route=\/wp\/v2\/posts\/10140","targetHints":{"allow":["GET"]}}],"collection":[{"href":"https:\/\/minaguas.gob.ve\/index.php?rest_route=\/wp\/v2\/posts"}],"about":[{"href":"https:\/\/minaguas.gob.ve\/index.php?rest_route=\/wp\/v2\/types\/post"}],"author":[{"embeddable":true,"href":"https:\/\/minaguas.gob.ve\/index.php?rest_route=\/wp\/v2\/users\/28"}],"replies":[{"embeddable":true,"href":"https:\/\/minaguas.gob.ve\/index.php?rest_route=%2Fwp%2Fv2%2Fcomments&post=10140"}],"version-history":[{"count":0,"href":"https:\/\/minaguas.gob.ve\/index.php?rest_route=\/wp\/v2\/posts\/10140\/revisions"}],"wp:featuredmedia":[{"embeddable":true,"href":"https:\/\/minaguas.gob.ve\/index.php?rest_route=\/wp\/v2\/media\/10141"}],"wp:attachment":[{"href":"https:\/\/minaguas.gob.ve\/index.php?rest_route=%2Fwp%2Fv2%2Fmedia&parent=10140"}],"wp:term":[{"taxonomy":"category","embeddable":true,"href":"https:\/\/minaguas.gob.ve\/index.php?rest_route=%2Fwp%2Fv2%2Fcategories&post=10140"},{"taxonomy":"post_tag","embeddable":true,"href":"https:\/\/minaguas.gob.ve\/index.php?rest_route=%2Fwp%2Fv2%2Ftags&post=10140"}],"curies":[{"name":"wp","href":"https:\/\/api.w.org\/{rel}","templated":true}]}}