{"id":1005,"date":"2021-09-11T22:59:46","date_gmt":"2021-09-12T02:59:46","guid":{"rendered":"https:\/\/minaguas.gob.ve\/?p=1005"},"modified":"2021-09-11T22:59:46","modified_gmt":"2021-09-12T02:59:46","slug":"hidrosuroeste-ejecuta-labores-correctivas-en-tuberia-de-agua-potable-en-el-municipio-francisco-de-miranda-en-tachira","status":"publish","type":"post","link":"https:\/\/minaguas.gob.ve\/?p=1005","title":{"rendered":"Hidrosuroeste ejecuta labores correctivas en tuber\u00eda de agua potable en el municipio Francisco de Miranda en T\u00e1chira"},"content":{"rendered":"\n<div class=\"wp-block-image\"><figure class=\"aligncenter size-full\"><img loading=\"lazy\" decoding=\"async\" width=\"612\" height=\"816\" src=\"https:\/\/minaguas.gob.ve\/wp-content\/uploads\/2021\/09\/IMG-20210911-WA0035.jpg\" alt=\"\" class=\"wp-image-1006\" srcset=\"https:\/\/minaguas.gob.ve\/wp-content\/uploads\/2021\/09\/IMG-20210911-WA0035.jpg 612w, https:\/\/minaguas.gob.ve\/wp-content\/uploads\/2021\/09\/IMG-20210911-WA0035-225x300.jpg 225w\" sizes=\"auto, (max-width: 612px) 100vw, 612px\" \/><\/figure><\/div>\n\n\n\n<p><em><strong>La estructura result\u00f3 afectada como consecuencia de las fuertes precipitaciones registradas en el pa\u00eds<\/strong><\/em><\/p>\n\n\n\n<p><strong>Prensa MinAguas (11-09-2021) <\/strong>Trabajadores del Ministerio del Poder Popular de Atenci\u00f3n de las Aguas, a trav\u00e9s de Hidrosuroeste, realizan maniobras para reparar una aver\u00eda en tuber\u00eda de 48&#8243; de la aducci\u00f3n principal de r\u00edo Bobo, en el municipio Francisco de Miranda del estado T\u00e1chira, la cual result\u00f3 afectada como consecuencia de las fuertes lluvias acaecidas en el pa\u00eds.<\/p>\n\n\n\n<p>Durante dicho despliegue operativo, obrero y de maquinaria el servicio de agua potable se ver\u00e1 afectado en los siguientes municipios fronterizos: Andr\u00e9s Bello, C\u00e1rdenas, Gu\u00e1simos, Capacho Nuevo, Capacho Viejo, Lobatera, Michelena,  Bol\u00edvar, Pedro Mar\u00eda Ure\u00f1a,  Ayacucho y parte de San Crist\u00f3bal.<\/p>\n\n\n\n<p> Una vez culminados los trabajos se proceder\u00e1 a restablecer el suministro de del vital l\u00edquido de forma progresiva a todas las comunidades.<\/p>\n","protected":false},"excerpt":{"rendered":"<p>La estructura result\u00f3 afectada como consecuencia de las fuertes precipitaciones registradas en el pa\u00eds Prensa MinAguas (11-09-2021) Trabajadores del Ministerio del Poder Popular de Atenci\u00f3n de las Aguas, a trav\u00e9s de Hidrosuroeste, realizan maniobras para reparar una aver\u00eda en tuber\u00eda de 48&#8243; de la aducci\u00f3n principal de r\u00edo Bobo, en el municipio Francisco de Miranda [&hellip;]<\/p>\n","protected":false},"author":28,"featured_media":1006,"comment_status":"open","ping_status":"open","sticky":false,"template":"","format":"standard","meta":{"footnotes":""},"categories":[1],"tags":[8],"class_list":["post-1005","post","type-post","status-publish","format-standard","has-post-thumbnail","hentry","category-noticias","tag-nacionales"],"_links":{"self":[{"href":"https:\/\/minaguas.gob.ve\/index.php?rest_route=\/wp\/v2\/posts\/1005","targetHints":{"allow":["GET"]}}],"collection":[{"href":"https:\/\/minaguas.gob.ve\/index.php?rest_route=\/wp\/v2\/posts"}],"about":[{"href":"https:\/\/minaguas.gob.ve\/index.php?rest_route=\/wp\/v2\/types\/post"}],"author":[{"embeddable":true,"href":"https:\/\/minaguas.gob.ve\/index.php?rest_route=\/wp\/v2\/users\/28"}],"replies":[{"embeddable":true,"href":"https:\/\/minaguas.gob.ve\/index.php?rest_route=%2Fwp%2Fv2%2Fcomments&post=1005"}],"version-history":[{"count":0,"href":"https:\/\/minaguas.gob.ve\/index.php?rest_route=\/wp\/v2\/posts\/1005\/revisions"}],"wp:featuredmedia":[{"embeddable":true,"href":"https:\/\/minaguas.gob.ve\/index.php?rest_route=\/wp\/v2\/media\/1006"}],"wp:attachment":[{"href":"https:\/\/minaguas.gob.ve\/index.php?rest_route=%2Fwp%2Fv2%2Fmedia&parent=1005"}],"wp:term":[{"taxonomy":"category","embeddable":true,"href":"https:\/\/minaguas.gob.ve\/index.php?rest_route=%2Fwp%2Fv2%2Fcategories&post=1005"},{"taxonomy":"post_tag","embeddable":true,"href":"https:\/\/minaguas.gob.ve\/index.php?rest_route=%2Fwp%2Fv2%2Ftags&post=1005"}],"curies":[{"name":"wp","href":"https:\/\/api.w.org\/{rel}","templated":true}]}}