{"id":10039,"date":"2024-05-27T17:04:51","date_gmt":"2024-05-27T21:04:51","guid":{"rendered":"https:\/\/minaguas.gob.ve\/?p=10039"},"modified":"2024-05-27T17:04:51","modified_gmt":"2024-05-27T21:04:51","slug":"hidrosuroeste-y-mesas-tecnicas-del-agua-definen-estrategias-para-mejorar-redes-de-distribucion-en-urena","status":"publish","type":"post","link":"https:\/\/minaguas.gob.ve\/?p=10039","title":{"rendered":"Hidrosuroeste\u00a0y Mesas T\u00e9cnicas del Agua definen estrategias para mejorar redes de distribuci\u00f3n en Ure\u00f1a"},"content":{"rendered":"\n<figure class=\"wp-block-gallery has-nested-images columns-default is-cropped wp-block-gallery-1 is-layout-flex wp-block-gallery-is-layout-flex\">\n<figure class=\"wp-block-image size-large\"><img loading=\"lazy\" decoding=\"async\" width=\"1280\" height=\"597\" data-id=\"10040\" src=\"https:\/\/minaguas.gob.ve\/wp-content\/uploads\/2024\/05\/WhatsApp-Image-2024-05-23-at-3.31.50-PM.jpeg\" alt=\"\" class=\"wp-image-10040\" \/><\/figure>\n\n\n\n<figure class=\"wp-block-image size-large\"><img loading=\"lazy\" decoding=\"async\" width=\"1280\" height=\"597\" data-id=\"10041\" src=\"https:\/\/minaguas.gob.ve\/wp-content\/uploads\/2024\/05\/WhatsApp-Image-2024-05-23-at-3.31.57-PM.jpeg\" alt=\"\" class=\"wp-image-10041\" \/><\/figure>\n<\/figure>\n\n\n\n<p><\/p>\n\n\n\n<p><strong>(Prensa MinAguas \/\u00a0Hidrosuroeste\u00a027-05-2024). \u2013 <\/strong>El presidente de la Hidrol\u00f3gica de la regi\u00f3n\u00a0suroeste\u00a0(Hidrosuroeste), Arquimedes Uzc\u00e1tegui, sostuvo un encuentro con miembros del Poder Popular organizado en el marco de los \u00bbJueves Junto a las Mesas T\u00e9cnicas del Agua\u2019&#8217;, municipio Pedro Mar\u00eda Ure\u00f1a, del estado T\u00e1chira, para afinar estrategias que permitan optimizar las redes internas de distribuci\u00f3n del servicio en el eje de frontera.<\/p>\n\n\n\n<p>En este sentido, explic\u00f3 Uzc\u00e1tegui que la Fuerza Trabajadora efectuar\u00e1 pruebas de presi\u00f3n, para as\u00ed planificar un mapa de flujo que permita conocer la distribuci\u00f3n del recurso h\u00eddrico, que beneficiar\u00e1 a m\u00e1s de 65 mil habitantes.<\/p>\n\n\n\n<p>Esta labor permitir\u00e1 la conducci\u00f3n equitativa del agua, a todos los 30 sectores de Ure\u00f1a que ser\u00e1n abastecidos&nbsp; con el funcionamiento del acueducto La Mulata.<\/p>\n\n\n\n<p>En la asamblea estuvieron presentes los miembros de las Mesas T\u00e9cnicas de Agua, Bolivariano Sector 4. La Espada de Bol\u00edvar, Al\u00ed Primera, Las&nbsp; Comunas, Somos El Futuro, El Araguaney de Ure\u00f1a, Villa Camila,&nbsp; Negra Matea. Bolivariano Sector 2, San Isidro, Sector 2, y El Cementerio.&nbsp; &nbsp; &nbsp; &nbsp;<\/p>\n\n\n\n<p>Recalc\u00f3 Uzc\u00e1tegui que estas acciones forman parte del plan de trabajo impulsado por el ministerio del Poder Popular de Atenci\u00f3n de las Aguas, bajo la direcci\u00f3n del ministro G\/D Rodolfo Marco Torres, para garantizar la efectividad de los servicios p\u00fablicos en el pa\u00eds.<\/p>\n\n\n\n<p><strong>Comunidad agradecida por el apoyo del presidente<\/strong><\/p>\n\n\n\n<p>La l\u00edder de la comunidad La Espada de Bol\u00edvar, Dalila Valdiviezo, agradeci\u00f3 el apoyo del presidente Maduro para consolidar esta obra de envergadura en la zona fronteriza.<\/p>\n\n\n\n<p>\u201cGracias a este acueducto nos vamos a beneficiar&nbsp; todo el pueblo de Ure\u00f1a, quien est\u00e1 rodilla en tierra con el gobierno, que trabaja por las necesidades de los tachirenses\u2019\u2019, indic\u00f3.<\/p>\n","protected":false},"excerpt":{"rendered":"<p>(Prensa MinAguas \/\u00a0Hidrosuroeste\u00a027-05-2024). \u2013 El presidente de la Hidrol\u00f3gica de la regi\u00f3n\u00a0suroeste\u00a0(Hidrosuroeste), Arquimedes Uzc\u00e1tegui, sostuvo un encuentro con miembros del Poder Popular organizado en el marco de los \u00bbJueves Junto a las Mesas T\u00e9cnicas del Agua\u2019&#8217;, municipio Pedro Mar\u00eda Ure\u00f1a, del estado T\u00e1chira, para afinar estrategias que permitan optimizar las redes internas de distribuci\u00f3n del [&hellip;]<\/p>\n","protected":false},"author":28,"featured_media":10041,"comment_status":"open","ping_status":"open","sticky":false,"template":"","format":"standard","meta":{"footnotes":""},"categories":[1],"tags":[144,98,24,45],"class_list":["post-10039","post","type-post","status-publish","format-standard","has-post-thumbnail","hentry","category-noticias","tag-hidrosuroeste","tag-mesa-de-trabajo","tag-pueblo-trabajador-del-agua","tag-regionales"],"_links":{"self":[{"href":"https:\/\/minaguas.gob.ve\/index.php?rest_route=\/wp\/v2\/posts\/10039","targetHints":{"allow":["GET"]}}],"collection":[{"href":"https:\/\/minaguas.gob.ve\/index.php?rest_route=\/wp\/v2\/posts"}],"about":[{"href":"https:\/\/minaguas.gob.ve\/index.php?rest_route=\/wp\/v2\/types\/post"}],"author":[{"embeddable":true,"href":"https:\/\/minaguas.gob.ve\/index.php?rest_route=\/wp\/v2\/users\/28"}],"replies":[{"embeddable":true,"href":"https:\/\/minaguas.gob.ve\/index.php?rest_route=%2Fwp%2Fv2%2Fcomments&post=10039"}],"version-history":[{"count":0,"href":"https:\/\/minaguas.gob.ve\/index.php?rest_route=\/wp\/v2\/posts\/10039\/revisions"}],"wp:featuredmedia":[{"embeddable":true,"href":"https:\/\/minaguas.gob.ve\/index.php?rest_route=\/wp\/v2\/media\/10041"}],"wp:attachment":[{"href":"https:\/\/minaguas.gob.ve\/index.php?rest_route=%2Fwp%2Fv2%2Fmedia&parent=10039"}],"wp:term":[{"taxonomy":"category","embeddable":true,"href":"https:\/\/minaguas.gob.ve\/index.php?rest_route=%2Fwp%2Fv2%2Fcategories&post=10039"},{"taxonomy":"post_tag","embeddable":true,"href":"https:\/\/minaguas.gob.ve\/index.php?rest_route=%2Fwp%2Fv2%2Ftags&post=10039"}],"curies":[{"name":"wp","href":"https:\/\/api.w.org\/{rel}","templated":true}]}}