{"id":10034,"date":"2024-05-27T13:38:10","date_gmt":"2024-05-27T17:38:10","guid":{"rendered":"https:\/\/minaguas.gob.ve\/?p=10034"},"modified":"2024-05-27T13:38:10","modified_gmt":"2024-05-27T17:38:10","slug":"hidrolago-realizara-sustitucion-de-700-metros-de-tuberias-en-la-carretera-lara-zulia","status":"publish","type":"post","link":"https:\/\/minaguas.gob.ve\/?p=10034","title":{"rendered":"Hidrolago realizar\u00e1 sustituci\u00f3n de 700 metros de tuber\u00edas en la carretera Lara &#8211; Zulia"},"content":{"rendered":"\n<p>Como parte del plan de optimizaci\u00f3n y mantenimiento preventivo y correctivo del sistema h\u00eddrico en la entidad, la C. A. Hidrol\u00f3gica del Lago de Maracaibo (Hidrolago) dar\u00e1 inicio este lunes 27 de mayo a una parada programada de 48 horas del Sistema Burro Negro, con el objetivo de efectuar la sustituci\u00f3n de 700 metros de tuber\u00edas de 66 pulgadas de di\u00e1metro en el tramo Lara-Zulia.<br><br>El presidente de Hidrolago, F\u00e9lix Torres, inform\u00f3 que estos trabajos de envergadura se efect\u00faan en aras de mejorar el servicio de distribuci\u00f3n de agua potable hacia las parroquias: Jorge Hern\u00e1ndez, San Benito y Germ\u00e1n R\u00edos Linares del municipio Cabimas, as\u00ed como la parroquia Libertad de Lagunillas, al incrementar los niveles de presi\u00f3n y caudal.<br><br>Para ello, Torres destac\u00f3 que Hidrolago en conjunto con el Ministerio del Poder Popular de Atenci\u00f3n de las Aguas (MinAguas) han efectuado el despliegue de maquinaria pesada y personal especializado en el sitio. Una vez culminadas estas labores se proceder\u00e1 de forma inmediata a dar inicio al esquema de distribuci\u00f3n habitual.<\/p>\n\n\n<div class=\"wp-block-image\">\n<figure class=\"aligncenter size-full\"><img loading=\"lazy\" decoding=\"async\" width=\"1280\" height=\"720\" src=\"https:\/\/minaguas.gob.ve\/wp-content\/uploads\/2024\/05\/WhatsApp-Image-2024-05-26-at-8.00.27-PM-1.jpeg\" alt=\"\" class=\"wp-image-10035\" \/><\/figure>\n<\/div>","protected":false},"excerpt":{"rendered":"<p>Como parte del plan de optimizaci\u00f3n y mantenimiento preventivo y correctivo del sistema h\u00eddrico en la entidad, la C. A. Hidrol\u00f3gica del Lago de Maracaibo (Hidrolago) dar\u00e1 inicio este lunes 27 de mayo a una parada programada de 48 horas del Sistema Burro Negro, con el objetivo de efectuar la sustituci\u00f3n de 700 metros de [&hellip;]<\/p>\n","protected":false},"author":28,"featured_media":10037,"comment_status":"open","ping_status":"open","sticky":false,"template":"","format":"standard","meta":{"footnotes":""},"categories":[1],"tags":[42,72,24,45,73],"class_list":["post-10034","post","type-post","status-publish","format-standard","has-post-thumbnail","hentry","category-noticias","tag-agua-potable","tag-hidrolago","tag-pueblo-trabajador-del-agua","tag-regionales","tag-zulia"],"_links":{"self":[{"href":"https:\/\/minaguas.gob.ve\/index.php?rest_route=\/wp\/v2\/posts\/10034","targetHints":{"allow":["GET"]}}],"collection":[{"href":"https:\/\/minaguas.gob.ve\/index.php?rest_route=\/wp\/v2\/posts"}],"about":[{"href":"https:\/\/minaguas.gob.ve\/index.php?rest_route=\/wp\/v2\/types\/post"}],"author":[{"embeddable":true,"href":"https:\/\/minaguas.gob.ve\/index.php?rest_route=\/wp\/v2\/users\/28"}],"replies":[{"embeddable":true,"href":"https:\/\/minaguas.gob.ve\/index.php?rest_route=%2Fwp%2Fv2%2Fcomments&post=10034"}],"version-history":[{"count":0,"href":"https:\/\/minaguas.gob.ve\/index.php?rest_route=\/wp\/v2\/posts\/10034\/revisions"}],"wp:featuredmedia":[{"embeddable":true,"href":"https:\/\/minaguas.gob.ve\/index.php?rest_route=\/wp\/v2\/media\/10037"}],"wp:attachment":[{"href":"https:\/\/minaguas.gob.ve\/index.php?rest_route=%2Fwp%2Fv2%2Fmedia&parent=10034"}],"wp:term":[{"taxonomy":"category","embeddable":true,"href":"https:\/\/minaguas.gob.ve\/index.php?rest_route=%2Fwp%2Fv2%2Fcategories&post=10034"},{"taxonomy":"post_tag","embeddable":true,"href":"https:\/\/minaguas.gob.ve\/index.php?rest_route=%2Fwp%2Fv2%2Ftags&post=10034"}],"curies":[{"name":"wp","href":"https:\/\/api.w.org\/{rel}","templated":true}]}}